{"id":7823,"date":"2025-11-12T08:30:31","date_gmt":"2025-11-12T07:30:31","guid":{"rendered":"http:\/\/www.sportingcanal.com\/?p=7823"},"modified":"2025-11-12T12:28:49","modified_gmt":"2025-11-12T11:28:49","slug":"atletismo-leonino-brilhou-no-50%c2%ba-aniversario-do-fc-barcelona","status":"publish","type":"post","link":"https:\/\/www.sportingcanal.com\/?p=7823","title":{"rendered":"1949 &#8211; Atletismo leonino brilhou no 50\u00ba anivers\u00e1rio do FC Barcelona"},"content":{"rendered":"<p>Novembro de 1949. O FC Barcelona quis honrar o seu 50\u00ba anivers\u00e1rio (Bodas de Ouro) com um encontro internacional de Atletismo. Para isso convidou a equipa do Sporting (treinada por M\u00e1rio Moniz Pereira), que arrecadou um magn\u00edfico triunfo.<\/p>\n<p>\u00c1lvaro Dias foi o atleta que mais impressionou, no salto em comprimento. Artur Dias na estafeta e Jos\u00e9 Cameira nos 400 metros barreiras tamb\u00e9m estiveram muito bem. Jorge Abreu venceu os 100 e 200 metros. Jorge Machado fez as melhores corridas da sua vida &#8211; nas estafetas, Rui Maia esteve ao seu n\u00edvel, assim como Pena da Silva. Filipe Lu\u00eds e Afonso Marques n\u00e3o estiveram no seu melhor, tal como Jo\u00e3o Vieira e Moniz. Manuel Silva destacou-se nas suas especialidades, assim como Em\u00eddio Ruivo, no peso. No salto em altura, \u00c1lvaro Mendes esteve regular, ao passo que Jo\u00e3o Muralha fez um \u00f3tima presta\u00e7\u00e3o no lan\u00e7amento do dardo.<\/p>\n<p>O Sporting venceu por 22 pontos a equipa local. A sua vantagem foi indiscut\u00edvel, numa demonsta\u00e7\u00e3o de classe que orgulhou, mais uma vez, o pa\u00eds al\u00e9m-fronteiras.\u00a0No final Moniz Pereira afirmou que o facto de a pista estar molhada obstou a que se conseguissem melhores tempos.<\/p>\n<p>Esta conquista foi t\u00e3o marcante que a equipa foi recebida no regresso a Lisboa pela dire\u00e7\u00e3o, representada pelo presidente, Ant\u00f3nio Ribeiro Ferreira, e ainda por Garcia Branco, Oliveira Martins, Francisco Franco e Joaquim Alves.<\/p>\n<p>Foto (arquivo): \u00c1lvaro Dias, o atleta mais em destaque no 50\u00ba anivers\u00e1rio do FC Barcelona.<\/p>\n<div class=\"tweetthis\" style=\"text-align:left;\"><p> <a target=\"_blank\" rel=\"nofollow\" class=\"tt\" href=\"http:\/\/twitter.com\/home\/?status=1949+%E2%80%93+Atletismo+leonino+brilhou+no+50%C2%BA+anivers%C3%A1rio+do+FC+Barcelona+https%3A%2F%2Fis.gd%2Frq663g\" title=\"Post to Twitter\"><img decoding=\"async\" class=\"nothumb\" src=\"http:\/\/www.sportingcanal.com\/wp-content\/plugins\/tweet-this\/icons\/en\/twitter\/tt-twitter6.png\" alt=\"Post to Twitter\" \/><\/a><\/p><\/div>","protected":false},"excerpt":{"rendered":"<p>Novembro de 1949. O FC Barcelona quis honrar o seu 50\u00ba anivers\u00e1rio (Bodas de Ouro) com um encontro internacional de Atletismo. Para isso convidou a equipa do Sporting (treinada por M\u00e1rio Moniz Pereira), que arrecadou um magn\u00edfico triunfo. \u00c1lvaro Dias foi o atleta que mais impressionou, no salto em comprimento. Artur Dias na estafeta e [&hellip;]<\/p>\n","protected":false},"author":1,"featured_media":7824,"comment_status":"open","ping_status":"open","sticky":false,"template":"","format":"standard","meta":{"_et_pb_use_builder":"","_et_pb_old_content":"","_et_gb_content_width":"","footnotes":""},"categories":[4],"tags":[21],"_links":{"self":[{"href":"https:\/\/www.sportingcanal.com\/index.php?rest_route=\/wp\/v2\/posts\/7823"}],"collection":[{"href":"https:\/\/www.sportingcanal.com\/index.php?rest_route=\/wp\/v2\/posts"}],"about":[{"href":"https:\/\/www.sportingcanal.com\/index.php?rest_route=\/wp\/v2\/types\/post"}],"author":[{"embeddable":true,"href":"https:\/\/www.sportingcanal.com\/index.php?rest_route=\/wp\/v2\/users\/1"}],"replies":[{"embeddable":true,"href":"https:\/\/www.sportingcanal.com\/index.php?rest_route=%2Fwp%2Fv2%2Fcomments&post=7823"}],"version-history":[{"count":19,"href":"https:\/\/www.sportingcanal.com\/index.php?rest_route=\/wp\/v2\/posts\/7823\/revisions"}],"predecessor-version":[{"id":39240,"href":"https:\/\/www.sportingcanal.com\/index.php?rest_route=\/wp\/v2\/posts\/7823\/revisions\/39240"}],"wp:featuredmedia":[{"embeddable":true,"href":"https:\/\/www.sportingcanal.com\/index.php?rest_route=\/wp\/v2\/media\/7824"}],"wp:attachment":[{"href":"https:\/\/www.sportingcanal.com\/index.php?rest_route=%2Fwp%2Fv2%2Fmedia&parent=7823"}],"wp:term":[{"taxonomy":"category","embeddable":true,"href":"https:\/\/www.sportingcanal.com\/index.php?rest_route=%2Fwp%2Fv2%2Fcategories&post=7823"},{"taxonomy":"post_tag","embeddable":true,"href":"https:\/\/www.sportingcanal.com\/index.php?rest_route=%2Fwp%2Fv2%2Ftags&post=7823"}],"curies":[{"name":"wp","href":"https:\/\/api.w.org\/{rel}","templated":true}]}}