{"id":7829,"date":"2025-11-13T08:00:28","date_gmt":"2025-11-13T07:00:28","guid":{"rendered":"http:\/\/www.sportingcanal.com\/?p=7829"},"modified":"2025-11-13T11:45:12","modified_gmt":"2025-11-13T10:45:12","slug":"silvinho-o-show-dos-sabados-a-tarde-em-alvalade","status":"publish","type":"post","link":"https:\/\/www.sportingcanal.com\/?p=7829","title":{"rendered":"Silvinho \u2013 O \u201cshow dos s\u00e1bados \u00e0 tarde\u201d no Alvalade"},"content":{"rendered":"<p>S\u00edlvio Paiva nasceu a 13 de Novembro de 1958 em Francana \u2013 Brasil. Come\u00e7ou por alinhar no Am\u00e9rica de S\u00e3o Paulo, mas foi no Internacional de Porto Alegre que se tornou um dos jogadores brasileiros em maior destaque no seu pa\u00eds a ponto de chegar \u00e0 \u201dcanarinha\u201d. Em 1979 conquistou os Jogos Panamericanos e em 1984 ganhou a medalha de prata nos Jogos Ol\u00edmpicos de Los Angeles (como titular na sele\u00e7\u00e3o brasileira). Pelo meio foi 4 vezes Campe\u00e3o Ga\u00facho.<\/p>\n<p>Chegou ao Sporting (proveniente do Internacional) no Ver\u00e3o de 1986 num in\u00edcio de \u00e9poca muito conturbado em Alvalade pois a equipa leonina tinha um plantel curt\u00edssimo que demorou muito tempo a comp\u00f4r. \u00a0Alinhou pela 1\u00aa vez de verde e branco na apresenta\u00e7\u00e3o da equipa aos s\u00f3cios, a 3 de Agosto (0-0 com o Arsenal). Estreou-se oficialmente (com o treinador Manuel Jos\u00e9) a 6 de Setembro num Sporting-Salgueiros (1-0) para o Campeonato. Marcou o 1\u00ba golo a 26 de Abril de 1987 numa goleada ao Mar\u00edtimo por 6-1. Nessa 1\u00aa temporada de verde e branco jogou muitas vezes (25 presen\u00e7as &#8211; a maioria das quais sa\u00eddo do banco) mas n\u00e3o conseguiu superar a concorr\u00eancia de M\u00e1rio Jorge (numa das suas melhores \u00e9pocas) na esquerda do meio-campo. J\u00e1 bem dentro da 2\u00aa metade da \u00e9poca chegou ao comando t\u00e9cnico da equipa o ingl\u00eas Keith Burkinshaw que apostava claramente na utiliza\u00e7\u00e3o de extremos \u201cpuros\u201d e o brasileiro come\u00e7ou a ganhar mais espa\u00e7o na equipa. Na meia-final da Ta\u00e7a de Portugal realizada nas Antas (triunfo por 1-0 com um gola\u00e7o do tamb\u00e9m brasileiro M\u00e1rio aos 120 minutos), Silvinho realizou talvez a sua mais extraordin\u00e1ria exibi\u00e7\u00e3o de verde e branco, deixando o seu \u201cmarcador\u201d, Jo\u00e3o Pinto (que 17 dias depois seria compensado pela afronta ao levantar a Ta\u00e7a dos Campe\u00f5es Europeus) de \u201cl\u00edngua de fora\u201d e \u201c\u00e0 beira dum ataque de nervos\u201d perante tanta criatividade, fantasia e velocidade.<\/p>\n<p>As suas constantes exibi\u00e7\u00f5es de \u201cencher o olho\u201d nessa 2\u00aa metade da temporada 86\/87, numa altura em que o Sporting jogava em \u201ccasa\u201d quase sempre ao s\u00e1bado, valeram uma express\u00e3o que lhe foi dedicada pela imprensa caraterizando o seu futebol: \u201cSilvinho &#8211; o show dos s\u00e1bados \u00e0 tarde no Alvalade\u201d<\/p>\n<p>Na \u00e9poca seguinte foi um dos protagonistas da equipa. No triunfo na Superta\u00e7a (o seu \u00fanico trof\u00e9u conquistado pelo clube) marcou na Luz (3-0) e em Alvalade (1-0) perante o Benfica. Numa temporada em que realizou 38 jogos e marcou 7 golos (para al\u00e9m de in\u00fameras assist\u00eancias) estranhou-se a sua dispensa no final (para Guimar\u00e3es \u2013 por troca com o central Miguel), mas a \u201crevolu\u00e7\u00e3o\u201d operada pelo novo presidente Jorge Gon\u00e7alves \u201capanhou-o (muito injustamente) na curva\u201d.<\/p>\n<p>Alinhou pela \u00faltima vez a 5 de Junho de 1988, no \u00faltimo jogo da \u00e9poca, num triunfo por 7-0 sobre o FC Penafiel e marcou 2 golos, ajudando ainda Paulinho Cascavel (que fez 4) a sagrar-se o melhor marcador do Campeonato.<\/p>\n<p>Assim, esteve apenas duas \u00e9pocas no Sporting, tendo realizado 63 jogos oficiais e marcado 8 golos. Ganhou uma Superta\u00e7a.<\/p>\n<p>No Vit\u00f3ria de Guimar\u00e3es realizou duas temporadas em bom plano (na 1\u00aa ganhou uma Superta\u00e7a e marcou o golo que derrotou o Sporting em Guimar\u00e3es para o Campeonato\u2026). Alinhou depois no FC Tirsense, Nacional da Madeira, Pa\u00e7os de Ferreira e FC Maia (sempre como protagonista em todas as equipas). Em 1997 terminou a carreira, no Brasil &#8211; EC Novo Hamburgo, e abandonou definitivamente o futebol. Mais tarde enveredou por outras profiss\u00f5es. Trabalhou, por exemplo, num restaurante brasileiro de rod\u00edzio propriedade do tamb\u00e9m ex-jogador leonino Edmilson (como empregado de mesa e m\u00fasico \u2013 tocava pandeireta), foi tamb\u00e9m motorista (duma empresa de p\u00e3o), trabalhou em Inglaterra, etc&#8230;<\/p>\n<p>Para sempre ficou a mem\u00f3ria dum extremo-esquerdo de grande t\u00e9cnica e criatividade, daqueles que muitas vezes fazem valer, s\u00f3 por si, o valor pago por um bilhete para ir ao futebol.<\/p>\n<div class=\"tweetthis\" style=\"text-align:left;\"><p> <a target=\"_blank\" rel=\"nofollow\" class=\"tt\" href=\"http:\/\/twitter.com\/home\/?status=Silvinho+%E2%80%93+O+%E2%80%9Cshow+dos+s%C3%A1bados+%C3%A0+tarde%E2%80%9D+no+Alvalade+https%3A%2F%2Fis.gd%2FkoGCxn\" title=\"Post to Twitter\"><img decoding=\"async\" class=\"nothumb\" src=\"http:\/\/www.sportingcanal.com\/wp-content\/plugins\/tweet-this\/icons\/en\/twitter\/tt-twitter6.png\" alt=\"Post to Twitter\" \/><\/a><\/p><\/div>","protected":false},"excerpt":{"rendered":"<p>S\u00edlvio Paiva nasceu a 13 de Novembro de 1958 em Francana \u2013 Brasil. Come\u00e7ou por alinhar no Am\u00e9rica de S\u00e3o Paulo, mas foi no Internacional de Porto Alegre que se tornou um dos jogadores brasileiros em maior destaque no seu pa\u00eds a ponto de chegar \u00e0 \u201dcanarinha\u201d. Em 1979 conquistou os Jogos Panamericanos e em [&hellip;]<\/p>\n","protected":false},"author":1,"featured_media":7830,"comment_status":"open","ping_status":"open","sticky":false,"template":"","format":"standard","meta":{"_et_pb_use_builder":"","_et_pb_old_content":"","_et_gb_content_width":"","footnotes":""},"categories":[63],"tags":[66,8],"_links":{"self":[{"href":"https:\/\/www.sportingcanal.com\/index.php?rest_route=\/wp\/v2\/posts\/7829"}],"collection":[{"href":"https:\/\/www.sportingcanal.com\/index.php?rest_route=\/wp\/v2\/posts"}],"about":[{"href":"https:\/\/www.sportingcanal.com\/index.php?rest_route=\/wp\/v2\/types\/post"}],"author":[{"embeddable":true,"href":"https:\/\/www.sportingcanal.com\/index.php?rest_route=\/wp\/v2\/users\/1"}],"replies":[{"embeddable":true,"href":"https:\/\/www.sportingcanal.com\/index.php?rest_route=%2Fwp%2Fv2%2Fcomments&post=7829"}],"version-history":[{"count":23,"href":"https:\/\/www.sportingcanal.com\/index.php?rest_route=\/wp\/v2\/posts\/7829\/revisions"}],"predecessor-version":[{"id":39260,"href":"https:\/\/www.sportingcanal.com\/index.php?rest_route=\/wp\/v2\/posts\/7829\/revisions\/39260"}],"wp:featuredmedia":[{"embeddable":true,"href":"https:\/\/www.sportingcanal.com\/index.php?rest_route=\/wp\/v2\/media\/7830"}],"wp:attachment":[{"href":"https:\/\/www.sportingcanal.com\/index.php?rest_route=%2Fwp%2Fv2%2Fmedia&parent=7829"}],"wp:term":[{"taxonomy":"category","embeddable":true,"href":"https:\/\/www.sportingcanal.com\/index.php?rest_route=%2Fwp%2Fv2%2Fcategories&post=7829"},{"taxonomy":"post_tag","embeddable":true,"href":"https:\/\/www.sportingcanal.com\/index.php?rest_route=%2Fwp%2Fv2%2Ftags&post=7829"}],"curies":[{"name":"wp","href":"https:\/\/api.w.org\/{rel}","templated":true}]}}