{"id":7848,"date":"2025-11-15T07:30:02","date_gmt":"2025-11-15T06:30:02","guid":{"rendered":"http:\/\/www.sportingcanal.com\/?p=7848"},"modified":"2025-11-16T21:10:04","modified_gmt":"2025-11-16T20:10:04","slug":"a-1%c2%aa-verdadeira-transferencia-do-futebol-portugues","status":"publish","type":"post","link":"https:\/\/www.sportingcanal.com\/?p=7848","title":{"rendered":"1914 &#8211; A 1\u00aa verdadeira transfer\u00eancia do Futebol portugu\u00eas"},"content":{"rendered":"<p>15 de Novembro de 1914. Nessa tarde, na 1\u00aa jornada do Campeonato Regional de Lisboa (o 1\u00ba que o Sporting viria a conquistar) estreou-se oficialmente pelo clube Artur Jos\u00e9 Pereira num triunfo por 3-0 sobre o Imp\u00e9rio.<\/p>\n<p>Corria o m\u00eas de Setembro e Artur Jos\u00e9 Pereira, o melhor futebolista da sua era (considerado por muitos o melhor jogador portugu\u00eas de todos os tempos at\u00e9 surgir Travassos), foi castigado por 6 meses pelo Benfica por recusar treinar-se como outro jogador qualquer (v\u00edcios de \u201cvedeta\u201d ao seu tempo). Perante esta situa\u00e7\u00e3o, um Sporting atento e sedento de t\u00edtulos e gl\u00f3ria no seu futebol, recebeu-o no Lumiar. Mais do que isso, ofereceu-lhe uma retribui\u00e7\u00e3o certa de 36$ mensais, fazendo dele o 1\u00ba jogador n\u00e3o amador da Hist\u00f3ria do futebol em Portugal. Para al\u00e9m do sal\u00e1rio, Artur Jos\u00e9 Pereira tinha outros privil\u00e9gios, como a prefer\u00eancia sobre o banho quente (um luxo que s\u00f3 o Sporting possu\u00eda entre os clubes de Lisboa). Aumentando a afronta, os respons\u00e1veis leoninos nomearam o novo \u201ccraque\u201d capit\u00e3o da sua equipa de honra, facto algo estranho e que s\u00f3 poder\u00e1 ser entendido como desafio aos benfiquistas, quando no clube de Alvalade moravam jogadores da estirpe e antiguidade dos irm\u00e3os Stromp, Ant\u00f3nio Rosa Rodrigues ou Jo\u00e3o Bentes.<\/p>\n<p>Nada poderia impedir, de facto, que o Sporting acolhesse nas suas fileiras o futebolista do Benfica, mas pelo c\u00f3digo t\u00e1cito de conduta que os 2 clubes seguiam reciprocamente, pela pr\u00f3pria forma como o processo foi conduzido, o Sporting n\u00e3o ficou muito bem visto em toda a situa\u00e7\u00e3o&#8230; Esta ocorr\u00eancia acicatou ainda mais a rivalidade entre Sporting e Benfica, pois os vermelhos sentiram-se tra\u00eddos.<\/p>\n<p>O epis\u00f3dio seria lembrado por muitos anos como um dos principais motivos para a constante \u201cguerra\u201d entre os 2 maiores emblemas de Lisboa.<\/p>\n<p>Mas os refor\u00e7os do Sporting para a nova temporada n\u00e3o se ficaram por aqui. Boaventura da Silva, um m\u00e9dio-esquerdo de categoria e grande voluntariedade, queixou-se \u00e0 dire\u00e7\u00e3o do Benfica de lhe ter sido pedido o pagamento de quotas em atraso, exigindo por isso a demiss\u00e3o&#8230; O seu objetivo era ir para o CIF (que lhe ficava perto de casa), mas os dirigentes desse clube sabendo das raz\u00f5es do seu abandono do Benfica n\u00e3o o aceitaram. A dire\u00e7\u00e3o leonina n\u00e3o atuou da mesma forma, acolhendo-o na sua equipa de futebol, assim como ao guarda-redes Augusto Paiva Sim\u00f5es e a Francisco Pereira (irm\u00e3o de Artur Jos\u00e9), que rapidamente regressou ao Benfica.<\/p>\n<p>Para al\u00e9m de todos estes refor\u00e7os ex-Benfica, o Sporting viu nesta temporada Jorge Vieira firmar-se na categoria principal (iniciando uma carreira a todos os t\u00edtulos not\u00e1vel) e surgirem o muito jovem Jaime Gon\u00e7alves (que nunca mais sairia da equipa durante muitos e bons anos) e o ponta-esquerda Armour.<\/p>\n<p>No que diz respeito a sa\u00eddas, salienta-se a de Jaime Cadete, para o Benfica. Ali\u00e1s, no processo que envolveu a sa\u00edda de Cadete, os benfiquistas vangloriavam-se de ter abra\u00e7ado uma conduta bem diferente da dos le\u00f5es no caso Artur Jos\u00e9 Pereira. O facto \u00e9 que j\u00e1 em Mar\u00e7o de 1914 o defesa Jaime Cadete (de candeias \u00e0s avessas com o emblema leonino) surgira em Sete Rios com o objetivo de se mudar para o Benfica. Os servi\u00e7os benfiquistas enviaram ent\u00e3o para o Sporting uma missiva, perguntando se n\u00e3o haveria inconveniente em tornar o defesa s\u00f3cio das \u00e1guias. Perante a resposta de que Jaime Cadete cumpria castigo por indisciplina no clube do Lumiar, os benfiquistas n\u00e3o o aceitaram, fazendo-o apenas no final da \u00e9poca. Tamb\u00e9m por todo este processo os benfiquistas levaram muito &#8220;a peito&#8221; o caso Artur Jos\u00e9 Pereira.<\/p>\n<p>Foto: Artur Jos\u00e9 Pereira, o melhor futebolista das primeiras d\u00e9cadas do futebol portugu\u00eas.<\/p>\n<div class=\"tweetthis\" style=\"text-align:left;\"><p> <a target=\"_blank\" rel=\"nofollow\" class=\"tt\" href=\"http:\/\/twitter.com\/home\/?status=1914+%E2%80%93+A+1%C2%AA+verdadeira+transfer%C3%AAncia+do+Futebol+portugu%C3%AAs+https%3A%2F%2Fis.gd%2FS7qHtb\" title=\"Post to Twitter\"><img decoding=\"async\" class=\"nothumb\" src=\"http:\/\/www.sportingcanal.com\/wp-content\/plugins\/tweet-this\/icons\/en\/twitter\/tt-twitter6.png\" alt=\"Post to Twitter\" \/><\/a><\/p><\/div>","protected":false},"excerpt":{"rendered":"<p>15 de Novembro de 1914. Nessa tarde, na 1\u00aa jornada do Campeonato Regional de Lisboa (o 1\u00ba que o Sporting viria a conquistar) estreou-se oficialmente pelo clube Artur Jos\u00e9 Pereira num triunfo por 3-0 sobre o Imp\u00e9rio. Corria o m\u00eas de Setembro e Artur Jos\u00e9 Pereira, o melhor futebolista da sua era (considerado por muitos [&hellip;]<\/p>\n","protected":false},"author":1,"featured_media":7849,"comment_status":"open","ping_status":"open","sticky":false,"template":"","format":"standard","meta":{"_et_pb_use_builder":"","_et_pb_old_content":"","_et_gb_content_width":"","footnotes":""},"categories":[4],"tags":[8],"_links":{"self":[{"href":"https:\/\/www.sportingcanal.com\/index.php?rest_route=\/wp\/v2\/posts\/7848"}],"collection":[{"href":"https:\/\/www.sportingcanal.com\/index.php?rest_route=\/wp\/v2\/posts"}],"about":[{"href":"https:\/\/www.sportingcanal.com\/index.php?rest_route=\/wp\/v2\/types\/post"}],"author":[{"embeddable":true,"href":"https:\/\/www.sportingcanal.com\/index.php?rest_route=\/wp\/v2\/users\/1"}],"replies":[{"embeddable":true,"href":"https:\/\/www.sportingcanal.com\/index.php?rest_route=%2Fwp%2Fv2%2Fcomments&post=7848"}],"version-history":[{"count":21,"href":"https:\/\/www.sportingcanal.com\/index.php?rest_route=\/wp\/v2\/posts\/7848\/revisions"}],"predecessor-version":[{"id":39290,"href":"https:\/\/www.sportingcanal.com\/index.php?rest_route=\/wp\/v2\/posts\/7848\/revisions\/39290"}],"wp:featuredmedia":[{"embeddable":true,"href":"https:\/\/www.sportingcanal.com\/index.php?rest_route=\/wp\/v2\/media\/7849"}],"wp:attachment":[{"href":"https:\/\/www.sportingcanal.com\/index.php?rest_route=%2Fwp%2Fv2%2Fmedia&parent=7848"}],"wp:term":[{"taxonomy":"category","embeddable":true,"href":"https:\/\/www.sportingcanal.com\/index.php?rest_route=%2Fwp%2Fv2%2Fcategories&post=7848"},{"taxonomy":"post_tag","embeddable":true,"href":"https:\/\/www.sportingcanal.com\/index.php?rest_route=%2Fwp%2Fv2%2Ftags&post=7848"}],"curies":[{"name":"wp","href":"https:\/\/api.w.org\/{rel}","templated":true}]}}