{"id":785,"date":"2025-12-28T08:30:07","date_gmt":"2025-12-28T07:30:07","guid":{"rendered":"http:\/\/www.sportingcanal.com\/?p=785"},"modified":"2025-12-28T20:15:44","modified_gmt":"2025-12-28T19:15:44","slug":"ayew-muito-mais-que-o-irmao-de-abedi-pele","status":"publish","type":"post","link":"https:\/\/www.sportingcanal.com\/?p=785","title":{"rendered":"Ayew \u2013 Um dos protagonistas do t\u00edtulo de 2000 tem agora uma Igreja"},"content":{"rendered":"<p>Ayew Kwame nasceu a 28 de Dezembro de 1973 na cidade de Tamale \u2013 Gana.\u00a0Foi um avan\u00e7ado interessante que passou pelo futebol do Sporting embora tenha permanecido em Alvalade apenas uma \u00e9poca.<\/p>\n<p>Come\u00e7ou a ser conhecido pelo facto de ser irm\u00e3o de Abedi Pele &#8211; uma estrela do futebol africano dos anos 80 e 90 do s\u00e9culo passado.\u00a0Pouco a pouco Ayew come\u00e7ou a dar nas vistas por m\u00e9rito pr\u00f3prio. Ainda junior foi para Fran\u00e7a, passando mais tarde pelo Egito e It\u00e1lia. Em 1995 chegou a Portugal para a Uni\u00e3o de Leiria. Esteve depois no Vit\u00f3ria de Set\u00fabal e no Boavista antes de se transferir para o Sporting no in\u00edcio da inesquec\u00edvel temporada 1999\/2000.<\/p>\n<p>Estreou-se oficialmente pelos le\u00f5es no dia 30 de Agosto de 1999 no Sporting-Vit\u00f3ria de Set\u00fabal para a 2\u00aa jornada do Campeonato. Marcou logo \u00e0 primeira, no triunfo por 2-1.<\/p>\n<p>Ao longo da temporada foi sempre um recurso importante para a equipa devido \u00e0 sua voluntariedade e cod\u00edcia. N\u00e3o sendo um titular indiscut\u00edvel (sobretudo devido \u00e0 insuper\u00e1vel concorr\u00eancia de Acosta), fez 33 jogos oficiais apontando 9 golos \u2013 1 na Ta\u00e7a UEFA (valeu a \u00fanica vit\u00f3ria europeia da \u00e9poca), 7 no Campeonato (1 deles no jogo decisivo em Vidal Pinheiro) e 1 na Ta\u00e7a de Portugal (que tornou poss\u00edvel a ida \u00e0 final do Jamor).<\/p>\n<p>Jogou pela \u00faltima vez de \u201cle\u00e3o ao peito\u201d a 25 de Maio de 2000 na final\u00edssima da Ta\u00e7a de Portugal frente ao FC Porto (0-2).<\/p>\n<p>No final da temporada acabou surpreendentemente dispensado para a Turquia. Pelo seu bom desempenho parecia claro a (quase) todos que teria lugar no plantel para a \u00e9poca seguinte. Essa ideia mais se refor\u00e7ou com a presta\u00e7\u00e3o do ataque sportinguista em 2001&#8230;\u00a0Depois esteve v\u00e1rios anos na China e acabou a carreira, j\u00e1 veterano, em Portugal, no Vit\u00f3ria de Set\u00fabal.<\/p>\n<p>Foi 7 vezes internacional pelo seu pa\u00eds, conquistando uma medalha de bronze nos Jogos Ol\u00edmpicos de 1992 em Barcelona.<\/p>\n<p>Nos tempos em que jogava na Turquia afirma ter ouvido uma voz enquanto dormia a sesta e &#8220;percebeu que era Deus a cham\u00e1-lo&#8221;. Seguiu a sua palavra e agora \u00e9 padre em Accra &#8211; capital do Gana &#8211; o seu pa\u00eds natal, tendo criado uma igreja h\u00e1 cerca de 5 anos. &#8220;Curei muitas pessoas com cancro e outras doen\u00e7as. H\u00e1 muita gente que n\u00e3o acredita que eu, um jogador que ganhou quase tudo, fa\u00e7a isso, mas v\u00eam ver e \u00e9 verdade&#8221;, garante. Atualmente a\u00a0miss\u00e3o religiosa preenche totalmente a sua vida, tanto nas missas na sua igreja como em miss\u00f5es de evangeliza\u00e7\u00e3o\u00a0por aldeias e vilas do Gana.<\/p>\n<div class=\"tweetthis\" style=\"text-align:left;\"><p> <a target=\"_blank\" rel=\"nofollow\" class=\"tt\" href=\"http:\/\/twitter.com\/home\/?status=Ayew+%E2%80%93+Um+dos+protagonistas+do+t%C3%ADtulo+de+2000+tem+agora+uma+Igreja+https%3A%2F%2Fis.gd%2FvRF3fA\" title=\"Post to Twitter\"><img decoding=\"async\" class=\"nothumb\" src=\"http:\/\/www.sportingcanal.com\/wp-content\/plugins\/tweet-this\/icons\/en\/twitter\/tt-twitter6.png\" alt=\"Post to Twitter\" \/><\/a><\/p><\/div>","protected":false},"excerpt":{"rendered":"<p>Ayew Kwame nasceu a 28 de Dezembro de 1973 na cidade de Tamale \u2013 Gana.\u00a0Foi um avan\u00e7ado interessante que passou pelo futebol do Sporting embora tenha permanecido em Alvalade apenas uma \u00e9poca. Come\u00e7ou a ser conhecido pelo facto de ser irm\u00e3o de Abedi Pele &#8211; uma estrela do futebol africano dos anos 80 e 90 [&hellip;]<\/p>\n","protected":false},"author":1,"featured_media":786,"comment_status":"open","ping_status":"open","sticky":false,"template":"","format":"standard","meta":{"_et_pb_use_builder":"","_et_pb_old_content":"","_et_gb_content_width":"","footnotes":""},"categories":[63],"tags":[66,8],"_links":{"self":[{"href":"https:\/\/www.sportingcanal.com\/index.php?rest_route=\/wp\/v2\/posts\/785"}],"collection":[{"href":"https:\/\/www.sportingcanal.com\/index.php?rest_route=\/wp\/v2\/posts"}],"about":[{"href":"https:\/\/www.sportingcanal.com\/index.php?rest_route=\/wp\/v2\/types\/post"}],"author":[{"embeddable":true,"href":"https:\/\/www.sportingcanal.com\/index.php?rest_route=\/wp\/v2\/users\/1"}],"replies":[{"embeddable":true,"href":"https:\/\/www.sportingcanal.com\/index.php?rest_route=%2Fwp%2Fv2%2Fcomments&post=785"}],"version-history":[{"count":27,"href":"https:\/\/www.sportingcanal.com\/index.php?rest_route=\/wp\/v2\/posts\/785\/revisions"}],"predecessor-version":[{"id":39418,"href":"https:\/\/www.sportingcanal.com\/index.php?rest_route=\/wp\/v2\/posts\/785\/revisions\/39418"}],"wp:featuredmedia":[{"embeddable":true,"href":"https:\/\/www.sportingcanal.com\/index.php?rest_route=\/wp\/v2\/media\/786"}],"wp:attachment":[{"href":"https:\/\/www.sportingcanal.com\/index.php?rest_route=%2Fwp%2Fv2%2Fmedia&parent=785"}],"wp:term":[{"taxonomy":"category","embeddable":true,"href":"https:\/\/www.sportingcanal.com\/index.php?rest_route=%2Fwp%2Fv2%2Fcategories&post=785"},{"taxonomy":"post_tag","embeddable":true,"href":"https:\/\/www.sportingcanal.com\/index.php?rest_route=%2Fwp%2Fv2%2Ftags&post=785"}],"curies":[{"name":"wp","href":"https:\/\/api.w.org\/{rel}","templated":true}]}}