{"id":7872,"date":"2025-11-16T08:00:10","date_gmt":"2025-11-16T07:00:10","guid":{"rendered":"http:\/\/www.sportingcanal.com\/?p=7872"},"modified":"2025-11-16T21:10:13","modified_gmt":"2025-11-16T20:10:13","slug":"artur-jose-pereira-a-1%c2%aa-grande-estrela-do-futebol-portugues","status":"publish","type":"post","link":"https:\/\/www.sportingcanal.com\/?p=7872","title":{"rendered":"Artur Jos\u00e9 Pereira \u2013 A 1\u00aa grande \u201cestrela\u201d do futebol portugu\u00eas"},"content":{"rendered":"<p>Artur Jos\u00e9 Pereira nasceu a 16 de Novembro de 1889 em Bel\u00e9m. Passou pelo Uni\u00e3o Belenense, Cruz Negra e Sport Lisboa (embri\u00e3o do Benfica), atuando normalmente a m\u00e9dio-esquerdo, e sendo uma das principais figuras dos encarnados. J\u00e1 nessa altura era conhecido pelo seu feitio irrasc\u00edvel, fazendo da competitividade uma das suas grandes armas. Perder n\u00e3o era para ele, que dava tudo em todos os jogos em prol da equipa.<\/p>\n<p>No Ver\u00e3o de 1914, por desentendimentos com a dire\u00e7\u00e3o benfiquista, mudou-se para o Sporting. Beneficiou de condi\u00e7\u00f5es especiais entre os le\u00f5es (como uma retribui\u00e7\u00e3o certa \u00a0de 36$00 por m\u00eas &#8211; tornando-o assim no 1\u00ba jogador n\u00e3o amador do futebol portugu\u00eas, e outros privil\u00e9gios, como, por exemplo o de ter prefer\u00eancia sobre o uso de banho quente, luxo que s\u00f3 o Sporting tinha em Lisboa).<br \/>\nEstreou-se oficialmente a 15 de Novembro de 1914 num triunfo por 3-0 sobre o Imp\u00e9rio para a 1\u00aa jornada do Campeonato Regional. A sua presen\u00e7a foi decisiva na equipa e no final da temporada os le\u00f5es chegaram finalmente ao seu 1\u00ba t\u00edtulo. A sua presen\u00e7a era muito desequilibradora, a sua classe excecional, mas tinha tamb\u00e9m o defeito de ser algo \u201cvedeta\u201d. Houve situa\u00e7\u00f5es, por exemplo, em que s\u00f3 chegou aos jogos no intervalo!<\/p>\n<p>Pelo Sporting ficou 5 temporadas realizando perto de 40 jogos oficiais. Na \u00e9poca de despedida voltou a ser Campe\u00e3o, alinhando pela \u00faltima vez a 20 de Julho de 1919 num triunfo por 2-1 sobre o Benfica (precisamente na final\u00edssima do Campeonato Regional).<\/p>\n<p>Saiu do clube de Alvalade para cumprir o grande sonho da sua vida &#8211; fundar o Clube de Futebol Os Belenenses, onde continuou a jogar e a brilhar. Despediu-se do Futebol a 26 de Mar\u00e7o de 1922, no dia em que, capitaneando o seu Belenenses, perdeu a final do Campeonato de Lisboa para o Sporting (2-0). Foi unanimemente considerado o melhor jogador portugu\u00eas at\u00e9 aos anos 30 e v\u00e1rias vezes selecionado para a Sele\u00e7\u00e3o de Lisboa &#8211; esteve na equipa que em 1913 se deslocou ao Brasil. Foi depois treinador do Belenenses durante muitos anos e fez dulpa t\u00e9cnica com C\u00e2ndido de Oliveira nos azuis e na Sele\u00e7\u00e3o Nacional em finais dos anos 30.<\/p>\n<p>Foi ainda um competente \u00e1rbitro, merecendo a distin\u00e7\u00e3o de S\u00f3cio de M\u00e9rito da AFL.\u00a0Morreu a 6 de Setembro de 1943.<\/p>\n<div class=\"tweetthis\" style=\"text-align:left;\"><p> <a target=\"_blank\" rel=\"nofollow\" class=\"tt\" href=\"http:\/\/twitter.com\/home\/?status=Artur+Jos%C3%A9+Pereira+%E2%80%93+A+1%C2%AA+grande+%E2%80%9Cestrela%E2%80%9D+do+futebol+portugu%C3%AAs+https%3A%2F%2Fis.gd%2FUv9ukm\" title=\"Post to Twitter\"><img decoding=\"async\" class=\"nothumb\" src=\"http:\/\/www.sportingcanal.com\/wp-content\/plugins\/tweet-this\/icons\/en\/twitter\/tt-twitter6.png\" alt=\"Post to Twitter\" \/><\/a><\/p><\/div>","protected":false},"excerpt":{"rendered":"<p>Artur Jos\u00e9 Pereira nasceu a 16 de Novembro de 1889 em Bel\u00e9m. Passou pelo Uni\u00e3o Belenense, Cruz Negra e Sport Lisboa (embri\u00e3o do Benfica), atuando normalmente a m\u00e9dio-esquerdo, e sendo uma das principais figuras dos encarnados. J\u00e1 nessa altura era conhecido pelo seu feitio irrasc\u00edvel, fazendo da competitividade uma das suas grandes armas. Perder n\u00e3o [&hellip;]<\/p>\n","protected":false},"author":1,"featured_media":7873,"comment_status":"open","ping_status":"open","sticky":false,"template":"","format":"standard","meta":{"_et_pb_use_builder":"","_et_pb_old_content":"","_et_gb_content_width":"","footnotes":""},"categories":[63],"tags":[8,64],"_links":{"self":[{"href":"https:\/\/www.sportingcanal.com\/index.php?rest_route=\/wp\/v2\/posts\/7872"}],"collection":[{"href":"https:\/\/www.sportingcanal.com\/index.php?rest_route=\/wp\/v2\/posts"}],"about":[{"href":"https:\/\/www.sportingcanal.com\/index.php?rest_route=\/wp\/v2\/types\/post"}],"author":[{"embeddable":true,"href":"https:\/\/www.sportingcanal.com\/index.php?rest_route=\/wp\/v2\/users\/1"}],"replies":[{"embeddable":true,"href":"https:\/\/www.sportingcanal.com\/index.php?rest_route=%2Fwp%2Fv2%2Fcomments&post=7872"}],"version-history":[{"count":20,"href":"https:\/\/www.sportingcanal.com\/index.php?rest_route=\/wp\/v2\/posts\/7872\/revisions"}],"predecessor-version":[{"id":39267,"href":"https:\/\/www.sportingcanal.com\/index.php?rest_route=\/wp\/v2\/posts\/7872\/revisions\/39267"}],"wp:featuredmedia":[{"embeddable":true,"href":"https:\/\/www.sportingcanal.com\/index.php?rest_route=\/wp\/v2\/media\/7873"}],"wp:attachment":[{"href":"https:\/\/www.sportingcanal.com\/index.php?rest_route=%2Fwp%2Fv2%2Fmedia&parent=7872"}],"wp:term":[{"taxonomy":"category","embeddable":true,"href":"https:\/\/www.sportingcanal.com\/index.php?rest_route=%2Fwp%2Fv2%2Fcategories&post=7872"},{"taxonomy":"post_tag","embeddable":true,"href":"https:\/\/www.sportingcanal.com\/index.php?rest_route=%2Fwp%2Fv2%2Ftags&post=7872"}],"curies":[{"name":"wp","href":"https:\/\/api.w.org\/{rel}","templated":true}]}}