{"id":7883,"date":"2025-11-17T08:00:45","date_gmt":"2025-11-17T07:00:45","guid":{"rendered":"http:\/\/www.sportingcanal.com\/?p=7883"},"modified":"2025-11-17T11:54:54","modified_gmt":"2025-11-17T10:54:54","slug":"nani-virtuosismo-para-dar-e-vender","status":"publish","type":"post","link":"https:\/\/www.sportingcanal.com\/?p=7883","title":{"rendered":"Nani"},"content":{"rendered":"<p>Lu\u00eds Carlos Almeida da Cunha (conhecido no mundo do futebol por Nani) nasceu a 17 de Novembro de 1986 na Cidade da Praia &#8211; Cabo Verde. Iniciou-se nas lides futebol\u00edsticas na sua cidade natal, mas ainda crian\u00e7a veio com a fam\u00edlia para a Amadora, come\u00e7ando a jogar no Real Massam\u00e1, clube onde o Sporting o foi buscar com 15 anos.<\/p>\n<p>Estreou-se oficialmente na equipa principal no 1\u00ba jogo da temporada 2005\/06 (a 10 de Agosto), sob o comando do treinador Jos\u00e9 Peseiro \u2013 derrota no Alvalade por 1-0 frente \u00e0 Udinese para a 1\u00aa m\u00e3o da pr\u00e9-eliminat\u00f3ria de acesso \u00e0 Liga dos Campe\u00f5es. Nos primeiros tempos jogou a espa\u00e7os, mas com a chegada de Paulo Bento (que com ele tinha sido Campe\u00e3o Nacional de juniores na \u00e9poca anterior) passou a alinhar com grande regularidade.<\/p>\n<p>Marcou pela 1\u00aa vez a 30 de Outubro de 2005 num empate a duas bolas no Bessa e acabou, na \u00e9poca de estreia, por somar um n\u00famero significativo de presen\u00e7as (36) apontando 6 golos e mostrando todo um virtuosismo que encantou os adeptos verde e brancos.<\/p>\n<p>Na temporada seguinte conseguiu evoluir enormemente em termos t\u00e1ticos e tornou-se um indiscut\u00edvel na equipa (40 jogos e 6 golos) ajudando a ganhar a Ta\u00e7a de Portugal\u00a0 &#8211; vit\u00f3ria por 1-0 frente ao Belenenses a 27 de Maio de 2007, naquele que foi o seu \u00faltimo jogo pelo Sporting \u2013 e a ficar a apenas a 1 ponto da conquista do Campeonato\u2026<\/p>\n<p>No final da \u00e9poca o Manchester United \u201cabriu os cord\u00f5es \u00e0 bolsa\u201d e pagou 25,5 milh\u00f5es de euros pelo seu passe ao Sporting (a maior \u201cvenda\u201d da Hist\u00f3ria sportinguista at\u00e9 ent\u00e3o) . Mais uma \u201cj\u00f3ia\u201d da forma\u00e7\u00e3o leonina acabava por sair ap\u00f3s uma perman\u00eancia demasiado curta na equipa principal\u2026<\/p>\n<p>Assim, nesta primeira fase, Nani esteve apenas 2 \u00e9pocas na principal equipa verde e branca, tendo totalizado 76 jogos e marcado 12 golos (o \u00faltimo dos quais a 7 de Abril de 2007, que valeu um precioso triunfo em Braga). Ganhou uma Ta\u00e7a de Portugal. Como \u00e9 \u00f3bvio deixou muitas saudades no Alvalade pelo seu virtuosismo pouco comum (normalmente na ala esquerda do meio campo\/ataque)<\/p>\n<p>Em Inglaterra come\u00e7ou por coexistir com Cristiano Ronaldo. Ap\u00f3s a sa\u00edda do compatriota para o Real Madrid foi ganhando ainda maior protagonismo, chegando a ser uma das grandes estrelas da ent\u00e3o equipa de Alex Ferguson, pela qual conquistou tudo o que havia para conquistar.<\/p>\n<p>No defeso de 2014 regressou a casa num empr\u00e9stimo por 1 ano envolvido na transfer\u00eancia de Marcos Rojo para os &#8220;red devils&#8221;. Foi recebido em apoteose no aeroporto da Portela e dele (que nunca escondeu ser o Sporting o clube do seu cora\u00e7\u00e3o) tudo se esperava. A equipa de Marco Silva conquistou a Ta\u00e7a de Portugal e Nani realizou uma \u00e9poca em bom plano com 37 presen\u00e7as e 12 golos. Apesar de tudo n\u00e3o foi poss\u00edvel segurar este &#8220;filho da casa&#8221; no clube e o extremo acabou por sair para Val\u00eancia.<\/p>\n<p>No defeso de 2018 Nani voltou mais uma vez ao Alvalade onde (agora como capit\u00e3o de equipa) se esperava que pudesse ainda ter grande influ\u00eancia, o que aconteceu, embora tenha sa\u00eddo logo em Janeiro, para os Orlando City dos EUA (onde foi figura cimeira). Depois jogou no Veneza e atualmente est\u00e1 no Melbourne Victory.<\/p>\n<p>Assim, no total, Nani totalizou 4 temporadas de verde e branco (na equipa principal), com 141 jogos oficiais realizados e 33 golos marcados. Ganhou 3 Ta\u00e7as de Portugal e 1 Ta\u00e7a da Liga.<\/p>\n<p>Esteve nos Europeus de 2008, 2012 e no inesquec\u00edvel Euro 2016 em que nos sagr\u00e1mos campe\u00f5es europeus, e no Mundial de 2014 (falhou o de 2010 por les\u00e3o). J\u00e1 acumula 124 internacionaliza\u00e7\u00f5es A (dados atualizados).<\/p>\n<div class=\"tweetthis\" style=\"text-align:left;\"><p> <a target=\"_blank\" rel=\"nofollow\" class=\"tt\" href=\"http:\/\/twitter.com\/home\/?status=Nani+https%3A%2F%2Fis.gd%2FK4xdDG\" title=\"Post to Twitter\"><img decoding=\"async\" class=\"nothumb\" src=\"http:\/\/www.sportingcanal.com\/wp-content\/plugins\/tweet-this\/icons\/en\/twitter\/tt-twitter6.png\" alt=\"Post to Twitter\" \/><\/a><\/p><\/div>","protected":false},"excerpt":{"rendered":"<p>Lu\u00eds Carlos Almeida da Cunha (conhecido no mundo do futebol por Nani) nasceu a 17 de Novembro de 1986 na Cidade da Praia &#8211; Cabo Verde. Iniciou-se nas lides futebol\u00edsticas na sua cidade natal, mas ainda crian\u00e7a veio com a fam\u00edlia para a Amadora, come\u00e7ando a jogar no Real Massam\u00e1, clube onde o Sporting o [&hellip;]<\/p>\n","protected":false},"author":1,"featured_media":7884,"comment_status":"open","ping_status":"open","sticky":false,"template":"","format":"standard","meta":{"_et_pb_use_builder":"","_et_pb_old_content":"","_et_gb_content_width":"","footnotes":""},"categories":[13],"tags":[8,64],"_links":{"self":[{"href":"https:\/\/www.sportingcanal.com\/index.php?rest_route=\/wp\/v2\/posts\/7883"}],"collection":[{"href":"https:\/\/www.sportingcanal.com\/index.php?rest_route=\/wp\/v2\/posts"}],"about":[{"href":"https:\/\/www.sportingcanal.com\/index.php?rest_route=\/wp\/v2\/types\/post"}],"author":[{"embeddable":true,"href":"https:\/\/www.sportingcanal.com\/index.php?rest_route=\/wp\/v2\/users\/1"}],"replies":[{"embeddable":true,"href":"https:\/\/www.sportingcanal.com\/index.php?rest_route=%2Fwp%2Fv2%2Fcomments&post=7883"}],"version-history":[{"count":31,"href":"https:\/\/www.sportingcanal.com\/index.php?rest_route=\/wp\/v2\/posts\/7883\/revisions"}],"predecessor-version":[{"id":39269,"href":"https:\/\/www.sportingcanal.com\/index.php?rest_route=\/wp\/v2\/posts\/7883\/revisions\/39269"}],"wp:featuredmedia":[{"embeddable":true,"href":"https:\/\/www.sportingcanal.com\/index.php?rest_route=\/wp\/v2\/media\/7884"}],"wp:attachment":[{"href":"https:\/\/www.sportingcanal.com\/index.php?rest_route=%2Fwp%2Fv2%2Fmedia&parent=7883"}],"wp:term":[{"taxonomy":"category","embeddable":true,"href":"https:\/\/www.sportingcanal.com\/index.php?rest_route=%2Fwp%2Fv2%2Fcategories&post=7883"},{"taxonomy":"post_tag","embeddable":true,"href":"https:\/\/www.sportingcanal.com\/index.php?rest_route=%2Fwp%2Fv2%2Ftags&post=7883"}],"curies":[{"name":"wp","href":"https:\/\/api.w.org\/{rel}","templated":true}]}}