{"id":798,"date":"2025-12-29T08:00:00","date_gmt":"2025-12-29T07:00:00","guid":{"rendered":"http:\/\/www.sportingcanal.com\/?p=798"},"modified":"2025-12-30T13:29:15","modified_gmt":"2025-12-30T12:29:15","slug":"eduardo-mourinha-um-grande-talento-prejudicado-por-inumeras-lesoes","status":"publish","type":"post","link":"https:\/\/www.sportingcanal.com\/?p=798","title":{"rendered":"Eduardo Mourinha \u2013 Enorme talento, mas muita propens\u00e3o para les\u00f5es\u2026"},"content":{"rendered":"<p>Eduardo M\u00e1rio Mourinha de Almeida nasceu a 29 de Dezembro de 1908 no Forte de Caxias, onde trabalhava o seu pai (oficial do ex\u00e9rcito e colaborador do Presidente Sid\u00f3nio Pais).\u00a0A fam\u00edlia mudou-se poucos anos depois para a Figueira da Foz onde o jovem Eduardo come\u00e7ou bem cedo a jogar futebol na rua. Com 15 anos j\u00e1 alinhava na equipa principal da Naval 1\u00ba de Maio.<\/p>\n<p>Chegou ao Sporting em finais de 1930, tendo-se estreado oficialmente a 9 de Novembro com uma vit\u00f3ria sobre o Benfica por 2-1 nas Amoreiras. Uma semana depois marcou pela 1\u00aa vez (e logo em dose dupla) num triunfo por 4-1 sobre o Uni\u00e3o Lisboa.<\/p>\n<p>Logo nessa 1\u00aa \u00e9poca esteve presente em 11 dos 15 jogos oficiais do clube (geralmente como extremo-esquerdo) apontando 11 golos (melhor marcador a par de Abrantes Mendes e Rog\u00e9rio). Teve um momento sublime nessa temporada ao marcar 4 dos 5 golos com que o Sporting venceu o Carcavelinhos (no jogo decisivo, a 15 de Mar\u00e7o) conquistando assim o seu 7\u00ba Campeonato Regional. Outro dia muito importante para ele nesse percurso foi aquele em que marcou o golo solit\u00e1rio na vit\u00f3ria frente ao Benfica (25 de Janeiro) que possibilitou aos le\u00f5es \u201cassaltarem\u201d a lideran\u00e7a para n\u00e3o mais a largar.<\/p>\n<p>Em 1931\/32 voltou a ser um dos destaques da equipa estando presente na maioria dos jogos. Marcou outra vez 11 golos atuando na esquerda do ataque. Coletivamente as coisas n\u00e3o correram bem pois n\u00e3o houve t\u00edtulos para festejar.<\/p>\n<p>A sua \u00faltima temporada como le\u00e3o foi em 1932\/33, uma \u00e9poca muito atribulada em termos pessoais pois esteve largo tempo afastado. Surgiu j\u00e1 na parte final dando o seu contributo \u00e0 equipa no Campeonato de Portugal onde alinhou por 3 vezes apontando 2 golos.\u00a0Despediu-se a 18 de Junho de 1933 num Sporting-FC Porto (1-1). O seu \u00faltimo golo f\u00f4ra marcado duas semanas antes numa vit\u00f3ria por 3-1 frente ao Mar\u00edtimo no Stadium de Lisboa.<\/p>\n<p>Saiu do Sporting porque os le\u00f5es n\u00e3o lhe conseguiram garantir um emprego est\u00e1vel. Totalizou 3 \u00e9pocas no clube, perto de 30 jogos oficiais e 24 golos. Ganhou 1 Campeonato Regional de Lisboa.<\/p>\n<p>Esteve depois no Gin\u00e1sio Figueirense onde alcan\u00e7ou grande destaque chegando a capit\u00e3o e treinador da equipa.<\/p>\n<p>Foi internacional por uma vez contribuindo para uma vit\u00f3ria por 3-2 frente \u00e0 B\u00e9lgica.<\/p>\n<p>A sua carreira foi marcada por in\u00fameras les\u00f5es que lhe prejudicaram o rendimento pois o seu talento era enorme e reconhecido por todos. Pernas partidas, bra\u00e7os quebrados, m\u00e3os esfaceladas, dentes partidos&#8230; de tudo lhe aconteceu!<\/p>\n<p>Na sua fun\u00e7\u00e3o de treinador ficou conhecido por dinamizar muito a componente da forma\u00e7\u00e3o.<\/p>\n<p>Morreu a 31 de Mar\u00e7o de 1990.<\/p>\n<div class=\"tweetthis\" style=\"text-align:left;\"><p> <a target=\"_blank\" rel=\"nofollow\" class=\"tt\" href=\"http:\/\/twitter.com\/home\/?status=Eduardo+Mourinha+%E2%80%93+Enorme+talento%2C+mas+muita+propens%C3%A3o+para+les%C3%B5es%E2%80%A6+https%3A%2F%2Fis.gd%2FRErv7U\" title=\"Post to Twitter\"><img decoding=\"async\" class=\"nothumb\" src=\"http:\/\/www.sportingcanal.com\/wp-content\/plugins\/tweet-this\/icons\/en\/twitter\/tt-twitter6.png\" alt=\"Post to Twitter\" \/><\/a><\/p><\/div>","protected":false},"excerpt":{"rendered":"<p>Eduardo M\u00e1rio Mourinha de Almeida nasceu a 29 de Dezembro de 1908 no Forte de Caxias, onde trabalhava o seu pai (oficial do ex\u00e9rcito e colaborador do Presidente Sid\u00f3nio Pais).\u00a0A fam\u00edlia mudou-se poucos anos depois para a Figueira da Foz onde o jovem Eduardo come\u00e7ou bem cedo a jogar futebol na rua. Com 15 anos [&hellip;]<\/p>\n","protected":false},"author":1,"featured_media":799,"comment_status":"open","ping_status":"open","sticky":false,"template":"","format":"standard","meta":{"_et_pb_use_builder":"","_et_pb_old_content":"","_et_gb_content_width":"","footnotes":""},"categories":[63],"tags":[66,8],"_links":{"self":[{"href":"https:\/\/www.sportingcanal.com\/index.php?rest_route=\/wp\/v2\/posts\/798"}],"collection":[{"href":"https:\/\/www.sportingcanal.com\/index.php?rest_route=\/wp\/v2\/posts"}],"about":[{"href":"https:\/\/www.sportingcanal.com\/index.php?rest_route=\/wp\/v2\/types\/post"}],"author":[{"embeddable":true,"href":"https:\/\/www.sportingcanal.com\/index.php?rest_route=\/wp\/v2\/users\/1"}],"replies":[{"embeddable":true,"href":"https:\/\/www.sportingcanal.com\/index.php?rest_route=%2Fwp%2Fv2%2Fcomments&post=798"}],"version-history":[{"count":26,"href":"https:\/\/www.sportingcanal.com\/index.php?rest_route=\/wp\/v2\/posts\/798\/revisions"}],"predecessor-version":[{"id":39421,"href":"https:\/\/www.sportingcanal.com\/index.php?rest_route=\/wp\/v2\/posts\/798\/revisions\/39421"}],"wp:featuredmedia":[{"embeddable":true,"href":"https:\/\/www.sportingcanal.com\/index.php?rest_route=\/wp\/v2\/media\/799"}],"wp:attachment":[{"href":"https:\/\/www.sportingcanal.com\/index.php?rest_route=%2Fwp%2Fv2%2Fmedia&parent=798"}],"wp:term":[{"taxonomy":"category","embeddable":true,"href":"https:\/\/www.sportingcanal.com\/index.php?rest_route=%2Fwp%2Fv2%2Fcategories&post=798"},{"taxonomy":"post_tag","embeddable":true,"href":"https:\/\/www.sportingcanal.com\/index.php?rest_route=%2Fwp%2Fv2%2Ftags&post=798"}],"curies":[{"name":"wp","href":"https:\/\/api.w.org\/{rel}","templated":true}]}}