{"id":8000,"date":"2025-11-25T08:00:25","date_gmt":"2025-11-25T07:00:25","guid":{"rendered":"http:\/\/www.sportingcanal.com\/?p=8000"},"modified":"2025-11-25T12:01:42","modified_gmt":"2025-11-25T11:01:42","slug":"paulo-torres-um-canhoto-com-pontape-fortissimo","status":"publish","type":"post","link":"https:\/\/www.sportingcanal.com\/?p=8000","title":{"rendered":"Paulo Torres \u2013 Um canhoto com pontap\u00e9 fort\u00edssimo"},"content":{"rendered":"<p>Paulo Manuel Banha Torres nasceu a 25 de Novembro de 1971 em \u00c9vora. \u00a0Come\u00e7ou por jogar num clube da terra, o SL \u00c9vora, e com apenas 13 anos foi recrutado pelo Sporting. Chegou rapidamente a internacional. Foi vice-Campe\u00e3o da Europa de sub-16 (1988), vice-Campe\u00e3o da Europa de sub-18 (1990) e Campe\u00e3o Mundial de sub-20 (1991), tendo sido considerado o 3\u00ba melhor jogador dessa prova realizada em Portugal, na qual foi o melhor marcador da Sele\u00e7\u00e3o com 3 golos.<\/p>\n<p>Estreara-se oficialmente pela equipa principal (com o treinador Pedro Rocha) bem antes, a 1 de Novembro de 1988, num triunfo em Alvalade por 5-0 frente ao Almansilense para a Ta\u00e7a de Portugal. Esse foi a sua \u00fanica presen\u00e7a da temporada.<\/p>\n<p>Na \u00e9poca seguinte, apesar de ainda muito jovem, come\u00e7ou a fazer concorr\u00eancia s\u00e9ria a Leal e a Valtinho, realizando 11 jogos. Em 1990\/91, com Marinho Peres, voltou a jogar menos (apenas duas presen\u00e7as) o mesmo acontecendo no ano que se seguiu (8 jogos).<\/p>\n<p>Em 1992\/93, com Bobby Robson, alinhou em 13 jogos e marcou pela 1\u00aa vez, a 2 de Maio de 1993, num triunfo em Guimar\u00e3es por 3-2. 1993\/94 (primeiro com Bobby Robson e depois com Carlos Queiroz \u2013 que j\u00e1 o conhecia bem das sele\u00e7\u00f5es jovens) foi a sua \u00e9poca de afirma\u00e7\u00e3o, ao ponto de ser dos mais utilizados da equipa (43 jogos) e de se salientar tamb\u00e9m pelo remate fort\u00edssimo, sobretudo na marca\u00e7\u00e3o de livres (5 golos).<\/p>\n<p>Subitamente a sua \u201cestrela\u201d empalideceu. Carlos Queiroz come\u00e7ou a preteri-lo em favor de Vujacic na esquerda da defesa. Nuno Valente surgiu e Pedrosa veio do Salgueiros. Ap\u00f3s 7 jogos apenas em 1994\/95 (\u00e9poca na qual conquistou o seu \u00fanico trof\u00e9u pelo clube \u2013 a Ta\u00e7a de Portugal) acabou por ser dispensado. Jogou pela \u00faltima vez no jogo derradeiro do Campeonato (2-2 em Guimar\u00e3es a 28 de Maio de 1995).<\/p>\n<p>Assim, fez um total de 7 temporadas na equipa principal do Sporting, tendo realizado 85 jogos oficiais e marcado 7 golos. Ganhou uma Ta\u00e7a de Portugal. Ficou na mem\u00f3ria sobretudo pelo seu tem\u00edvel remate, para al\u00e9m de ter sido indiscutivelmente um lateral esquerdo com \u00f3timos \u00edndices f\u00edsicos que fazia todo o corredor com facilidade. A sensa\u00e7\u00e3o \u00e9 de que o seu percurso de verde e branco ficou claramente aqu\u00e9m do seu potencial.<\/p>\n<p>Ap\u00f3s a sa\u00edda de Alvalade percorreu v\u00e1rios clubes em Portugal e Espanha \u00a0&#8211; Campomaiorense, Salamanca, Rayo Vallecano, Desportivo de Chaves, Legan\u00e9s, Torreense, Penafiel e Imortal de Albufeira (onde terminou a carreira em 2003).<\/p>\n<p>Foi duas vezes internacional A. Em 1991 ganhou o Pr\u00e9mio Stromp na categoria \u201cEspecial Mundial\u201d.<\/p>\n<p>Atualmente \u00e9 treinador nos escal\u00f5es secund\u00e1rios do nosso futebol. Para al\u00e9m disso tem feito participa\u00e7\u00f5es como comentador televisivo.<\/p>\n<div class=\"tweetthis\" style=\"text-align:left;\"><p> <a target=\"_blank\" rel=\"nofollow\" class=\"tt\" href=\"http:\/\/twitter.com\/home\/?status=Paulo+Torres+%E2%80%93+Um+canhoto+com+pontap%C3%A9+fort%C3%ADssimo+https%3A%2F%2Fis.gd%2FYNrRXk\" title=\"Post to Twitter\"><img decoding=\"async\" class=\"nothumb\" src=\"http:\/\/www.sportingcanal.com\/wp-content\/plugins\/tweet-this\/icons\/en\/twitter\/tt-twitter6.png\" alt=\"Post to Twitter\" \/><\/a><\/p><\/div>","protected":false},"excerpt":{"rendered":"<p>Paulo Manuel Banha Torres nasceu a 25 de Novembro de 1971 em \u00c9vora. \u00a0Come\u00e7ou por jogar num clube da terra, o SL \u00c9vora, e com apenas 13 anos foi recrutado pelo Sporting. Chegou rapidamente a internacional. Foi vice-Campe\u00e3o da Europa de sub-16 (1988), vice-Campe\u00e3o da Europa de sub-18 (1990) e Campe\u00e3o Mundial de sub-20 (1991), [&hellip;]<\/p>\n","protected":false},"author":1,"featured_media":8001,"comment_status":"open","ping_status":"open","sticky":false,"template":"","format":"standard","meta":{"_et_pb_use_builder":"","_et_pb_old_content":"","_et_gb_content_width":"","footnotes":""},"categories":[63],"tags":[65,8],"_links":{"self":[{"href":"https:\/\/www.sportingcanal.com\/index.php?rest_route=\/wp\/v2\/posts\/8000"}],"collection":[{"href":"https:\/\/www.sportingcanal.com\/index.php?rest_route=\/wp\/v2\/posts"}],"about":[{"href":"https:\/\/www.sportingcanal.com\/index.php?rest_route=\/wp\/v2\/types\/post"}],"author":[{"embeddable":true,"href":"https:\/\/www.sportingcanal.com\/index.php?rest_route=\/wp\/v2\/users\/1"}],"replies":[{"embeddable":true,"href":"https:\/\/www.sportingcanal.com\/index.php?rest_route=%2Fwp%2Fv2%2Fcomments&post=8000"}],"version-history":[{"count":20,"href":"https:\/\/www.sportingcanal.com\/index.php?rest_route=\/wp\/v2\/posts\/8000\/revisions"}],"predecessor-version":[{"id":39309,"href":"https:\/\/www.sportingcanal.com\/index.php?rest_route=\/wp\/v2\/posts\/8000\/revisions\/39309"}],"wp:featuredmedia":[{"embeddable":true,"href":"https:\/\/www.sportingcanal.com\/index.php?rest_route=\/wp\/v2\/media\/8001"}],"wp:attachment":[{"href":"https:\/\/www.sportingcanal.com\/index.php?rest_route=%2Fwp%2Fv2%2Fmedia&parent=8000"}],"wp:term":[{"taxonomy":"category","embeddable":true,"href":"https:\/\/www.sportingcanal.com\/index.php?rest_route=%2Fwp%2Fv2%2Fcategories&post=8000"},{"taxonomy":"post_tag","embeddable":true,"href":"https:\/\/www.sportingcanal.com\/index.php?rest_route=%2Fwp%2Fv2%2Ftags&post=8000"}],"curies":[{"name":"wp","href":"https:\/\/api.w.org\/{rel}","templated":true}]}}