{"id":8023,"date":"2026-04-15T08:30:23","date_gmt":"2026-04-15T07:30:23","guid":{"rendered":"http:\/\/www.sportingcanal.com\/?p=8023"},"modified":"2026-04-15T11:00:44","modified_gmt":"2026-04-15T10:00:44","slug":"basquetebol-comecou-em-grande","status":"publish","type":"post","link":"https:\/\/www.sportingcanal.com\/?p=8023","title":{"rendered":"1928 &#8211; Basquetebol come\u00e7ou em grande!"},"content":{"rendered":"<p>15 de Abril de 1928. Nesse dia o Sporting sagrou-se Campe\u00e3o de Lisboa de Basquetebol (ao bater na final o Tri\u00e2ngulo por 8-3), no 1\u00ba Regional realizado. Benigno da Silva fez 4 pontos, Oliveira Martins e Ra\u00fal Esteves Coluna fizeram 2 cada.<\/p>\n<p>Os treinos do Sporting desta modalidade tinham-se iniciado em Fevereiro de 1927 sob a \u00e9gide de Ac\u00e1cio Campos, a quem chamavam \u201co pai\u201d.<\/p>\n<p>Um Sporting-Benfica foi o jogo inaugural do 1\u00ba Campeonato Regional, a 27 de Novembro de 1927. Segundo o Di\u00e1rio de Not\u00edcias: \u201cOs le\u00f5es venceram por 14-5, mas o n\u00famero de pontos n\u00e3o traduziu fielmente aquilo que se passou, pois a superioridade dos le\u00f5es foi mais que evidente, lamentando-se o dia infeliz do seu avan\u00e7ado-centro. Os verde e brancos mostraram-se t\u00e9cnica e coletivamente superiores, com destaque para a bela exibi\u00e7\u00e3o de Ramalho\u201d. Nesse seu 1\u00ba jogo oficial de Basquetebol o Sporting alinhou com: Ac\u00e1cio Campos (cap), Benigno, Oliveira Martins, Ramalho e Edmundo Bornes.<\/p>\n<p>A equipa do Tri\u00e2ngulo era a grande favorita \u00e0 vit\u00f3ria na competi\u00e7\u00e3o, pois tinha sido pioneira na introdu\u00e7\u00e3o da modalidade em Portugal. A prova foi dividida em duas s\u00e9ries apurando-se os 2 primeiros de cada s\u00e9rie para as 1\/2 finais. Os advers\u00e1rios e resultados leoninos foram os seguintes: Benfica (14-5 e 13-5), Tri\u00e2ngulo (18-4 e 5-12), Probidade (7-5 e 5-5), Belenenses (vfc e 55-1) e Portugal e Col\u00f3nias (15-6 e 21-6). O Sporting terminou a sua \u201cpoule\u201d em igualdade com o Tri\u00e2ngulo, tendo sido derrotado no desempate por 13-4, cabendo-lhe ent\u00e3o defrontar o vencedor da outra s\u00e9rie, o Carcavelinhos, a quem derrotou por 36-6.<\/p>\n<p>Veio ent\u00e3o a grande final. O jogo foi disputado na Tapadinha, nesse 15 de Abril (perante numeros\u00edssima assist\u00eancia), em recinto armado no campo de futebol em frente \u00e0 bancada central e terminou (contra a grande maioria dos vatic\u00ednios) com a vit\u00f3ria leonina por 8-3.\u00a0Nessa partida decisiva os sportinguistas alinharam com Ac\u00e1cio Campos (cap), Oliveira Martins, Ramalho, Benigno e Coluna.<\/p>\n<p>Segundo Jos\u00e9 Dias Pereira, componente da equipa de 2\u00aas categorias na mesma temporada (em declara\u00e7\u00f5es ao jornal Sporting 20 anos mais tarde): \u201cForam inesquec\u00edveis os momentos de ang\u00fastia quando Benigno se magoou de forma a ficar quase inutilizado para o jogo e mais ainda os de alegria quando o mesmo, apesar de n\u00e3o poder mexer um bra\u00e7o, p\u00f4de, livre da vigil\u00e2ncia dos advers\u00e1rios, concluir certeiramente um passe e marcar os pontos que deram a vit\u00f3ria ao Sporting\u201d.<\/p>\n<p>Quando a partida terminou, nas cabinas leoninas foi um verdadeiro \u201cfim do mundo\u201d, com uma festa inesquec\u00edvel de todos aqueles categorizados e bravos atletas.<\/p>\n<p>Foto: A equipa sportinguista mais utilizada no percurso rumo ao t\u00edtulo regional &#8211;\u00a0Benigno da Silva, Edmundo Bornes, Alfredo Ramalho, Ac\u00e1cio Campos e Eduardo Oliveira Martins.<\/p>\n<p>Obrigado \u00e0 Sec\u00e7\u00e3o de Basquetebol do Sporting e \u00e0 Wiki Sporting pela colabora\u00e7\u00e3o.<\/p>\n<div class=\"tweetthis\" style=\"text-align:left;\"><p> <a target=\"_blank\" rel=\"nofollow\" class=\"tt\" href=\"http:\/\/twitter.com\/home\/?status=1928+%E2%80%93+Basquetebol+come%C3%A7ou+em+grande%21+Error%3A+database+query+failed\" title=\"Post to Twitter\"><img decoding=\"async\" class=\"nothumb\" src=\"http:\/\/www.sportingcanal.com\/wp-content\/plugins\/tweet-this\/icons\/en\/twitter\/tt-twitter6.png\" alt=\"Post to Twitter\" \/><\/a><\/p><\/div>","protected":false},"excerpt":{"rendered":"<p>15 de Abril de 1928. Nesse dia o Sporting sagrou-se Campe\u00e3o de Lisboa de Basquetebol (ao bater na final o Tri\u00e2ngulo por 8-3), no 1\u00ba Regional realizado. Benigno da Silva fez 4 pontos, Oliveira Martins e Ra\u00fal Esteves Coluna fizeram 2 cada. Os treinos do Sporting desta modalidade tinham-se iniciado em Fevereiro de 1927 sob [&hellip;]<\/p>\n","protected":false},"author":1,"featured_media":8024,"comment_status":"open","ping_status":"open","sticky":false,"template":"","format":"standard","meta":{"_et_pb_use_builder":"","_et_pb_old_content":"","_et_gb_content_width":"","footnotes":""},"categories":[4],"tags":[54,28],"_links":{"self":[{"href":"https:\/\/www.sportingcanal.com\/index.php?rest_route=\/wp\/v2\/posts\/8023"}],"collection":[{"href":"https:\/\/www.sportingcanal.com\/index.php?rest_route=\/wp\/v2\/posts"}],"about":[{"href":"https:\/\/www.sportingcanal.com\/index.php?rest_route=\/wp\/v2\/types\/post"}],"author":[{"embeddable":true,"href":"https:\/\/www.sportingcanal.com\/index.php?rest_route=\/wp\/v2\/users\/1"}],"replies":[{"embeddable":true,"href":"https:\/\/www.sportingcanal.com\/index.php?rest_route=%2Fwp%2Fv2%2Fcomments&post=8023"}],"version-history":[{"count":25,"href":"https:\/\/www.sportingcanal.com\/index.php?rest_route=\/wp\/v2\/posts\/8023\/revisions"}],"predecessor-version":[{"id":40009,"href":"https:\/\/www.sportingcanal.com\/index.php?rest_route=\/wp\/v2\/posts\/8023\/revisions\/40009"}],"wp:featuredmedia":[{"embeddable":true,"href":"https:\/\/www.sportingcanal.com\/index.php?rest_route=\/wp\/v2\/media\/8024"}],"wp:attachment":[{"href":"https:\/\/www.sportingcanal.com\/index.php?rest_route=%2Fwp%2Fv2%2Fmedia&parent=8023"}],"wp:term":[{"taxonomy":"category","embeddable":true,"href":"https:\/\/www.sportingcanal.com\/index.php?rest_route=%2Fwp%2Fv2%2Fcategories&post=8023"},{"taxonomy":"post_tag","embeddable":true,"href":"https:\/\/www.sportingcanal.com\/index.php?rest_route=%2Fwp%2Fv2%2Ftags&post=8023"}],"curies":[{"name":"wp","href":"https:\/\/api.w.org\/{rel}","templated":true}]}}