{"id":8125,"date":"2025-12-06T08:00:15","date_gmt":"2025-12-06T07:00:15","guid":{"rendered":"http:\/\/www.sportingcanal.com\/?p=8125"},"modified":"2025-12-07T00:41:15","modified_gmt":"2025-12-06T23:41:15","slug":"keita-um-africano-de-enorme-talento","status":"publish","type":"post","link":"https:\/\/www.sportingcanal.com\/?p=8125","title":{"rendered":"Keita \u2013 Um africano de enorme talento"},"content":{"rendered":"<p>Salif Keita Traore nasceu a 6 de Dezembro de 1946 em Bamako &#8211; Mali. Come\u00e7ou muito cedo a revelar grande potencial para o futebol, e ainda ao servi\u00e7o do Real Bamako (clube da terra) chegou a internacional maliano com apenas 16 anos.<\/p>\n<p>Em 1967 chegou a Fran\u00e7a &#8211; Saint-\u00c9tienne, onde teve uma carreira fant\u00e1stica conquistando 3 Campeonatos e duas Ta\u00e7as. Em 1970 foi considerado o melhor jogador africano e em 1971 foi o 2\u00ba melhor marcador do \u201cChampionat\u201d (42 golos). Depois de 1 ano no Marselha (1972\/73) foi para Espanha (Val\u00eancia) onde voltou a demonstrar todo o seu virtuosismo, a ponto de o terem batizado de \u201cLa perla negra de Mali\u201d.<\/p>\n<p>Numa altura em que o n\u00famero de estrangeiros por equipa era limitado, acabou por n\u00e3o renovar contrato (ap\u00f3s 3 temporadas) e chegou a Alvalade fruto da sagacidade de Jo\u00e3o Rocha, no Ver\u00e3o de 1976.<\/p>\n<p>Estreou-se oficialmente (com o treinador Jimmy Hagan) a 4 de Setembro na 1\u00aa jornada do Campeonato (3-0 ao Benfica). Fez o 1\u00ba golo (bisou) 8 dias depois num triunfo em Guimar\u00e3es por 3-1. Nessa 1\u00aa temporada de verde e branco formou com Manuel Fernandes e Manoel um trio atacante de grande categoria, mas apesar dos le\u00f5es terem chegado a estar confortavelmente no comando do Campeonato acabaram por perd\u00ea-lo para o Benfica. Somou 27 jogos e 15 golos na \u00e9poca de estreia (2\u00ba melhor marcador da equipa a seguir a Manuel Fernandes \u2013 22 golos).<\/p>\n<p>Para a temporada seguinte chegou Jord\u00e3o, e o Sporting passou a contar com 4 atacantes de grande classe. No entanto, o novo avan\u00e7ado lesionou-se gravemente mais ou menos a meio da temporada, pelo que os 3 atacantes mais utilizados acabaram por ser os mesmos da \u00e9poca anterior. O maliano fez 29 jogos oficiais e 9 golos, ajudando a conquistar a Ta\u00e7a de Portugal (em cuja final \u2013 vit\u00f3ria frente ao Porto por 2-1 \u2013 foi o capit\u00e3o da equipa em virtude da aus\u00eancia de Laranjeira).<\/p>\n<p>Em 1978\/79 os le\u00f5es partiram mais uma vez com ambi\u00e7\u00e3o. O brasileiro Zandonaide juntou-se ao contigente atacante mas Keita continuou a jogar com regularidade. Alinhou pela \u00faltima vez de verde e branco num Sporting-Benfica (0-1) a 8 de Abril\u00a0 de 1979 decisivo para acabar com as pretens\u00f5es dos sportinguistas em rela\u00e7\u00e3o ao t\u00edtulo nacional. Logo a seguir saiu para o Tea Men dos Estados Unidos depois de ter realizado 21 jogos e marcado 9 golos.<\/p>\n<p>Assim, esteve um total de 3 temporadas na equipa leonina, tendo realizado 77 jogos oficiais e marcado 33 golos. Ganhou uma Ta\u00e7a de Portugal. Deixou a imagem dum futebolista de enorme classe, com um potencial em termos t\u00e9cnicos quase inigual\u00e1vel. Para al\u00e9m disso era veloz, atuando preferencialmente nos flancos, com grande capacidade de assistir e concretizar. O trio que formou com Manuel Fernandes e Jord\u00e3o ficou para sempre como um dos mais \u201cexcitantes\u201d da Hist\u00f3ria do Sporting, apesar de ter sido curto em termos temporais.<\/p>\n<p>Na Am\u00e9rica encerrou a carreira, regressando ent\u00e3o ao seu pa\u00eds onde criou o 1\u00ba Centro de Treinos de Futebol. Em 2005 foi eleito Presidente da Federa\u00e7\u00e3o Maliana de Futebol.<\/p>\n<p>Foi 13 vezes internacional A pelo Mali (11 golos).<\/p>\n<p>Morreu a 3 de Setembro de 2023 com 76 anos.<\/p>\n<table border=\"1\" width=\"281\" cellspacing=\"0\" cellpadding=\"0\">\n<tbody>\n<tr>\n<td colspan=\"6\" valign=\"top\" width=\"281\"><strong>GOLOS de KEITA no SPORTING<\/strong><\/td>\n<\/tr>\n<tr>\n<td valign=\"top\" width=\"73\">\u00c9POCA<\/td>\n<td valign=\"top\" width=\"38\">TT<\/td>\n<td valign=\"top\" width=\"38\">TU<\/td>\n<td valign=\"top\" width=\"38\">CN<\/td>\n<td valign=\"top\" width=\"38\">TP<\/td>\n<td valign=\"top\" width=\"57\">TOTAL<\/td>\n<\/tr>\n<tr>\n<td valign=\"top\" width=\"73\">1976\/77<\/td>\n<td valign=\"top\" width=\"38\">&#8211;<\/td>\n<td valign=\"top\" width=\"38\">&#8211;<\/td>\n<td valign=\"top\" width=\"38\">15<\/td>\n<td valign=\"top\" width=\"38\">0<\/td>\n<td valign=\"top\" width=\"57\">15<\/td>\n<\/tr>\n<tr>\n<td valign=\"top\" width=\"73\">1977\/78<\/td>\n<td valign=\"top\" width=\"38\"><\/td>\n<td valign=\"top\" width=\"38\">0<\/td>\n<td valign=\"top\" width=\"38\">7<\/td>\n<td valign=\"top\" width=\"38\">2<\/td>\n<td valign=\"top\" width=\"57\">9<\/td>\n<\/tr>\n<tr>\n<td valign=\"top\" width=\"73\">1978\/79<\/td>\n<td valign=\"top\" width=\"38\">0<\/td>\n<td valign=\"top\" width=\"38\">&#8211;<\/td>\n<td valign=\"top\" width=\"38\">9<\/td>\n<td valign=\"top\" width=\"38\">0<\/td>\n<td valign=\"top\" width=\"57\">9<\/td>\n<\/tr>\n<tr>\n<td valign=\"top\" width=\"73\"><strong>Total<\/strong><\/td>\n<td valign=\"top\" width=\"38\"><strong>0<\/strong><\/td>\n<td valign=\"top\" width=\"38\"><strong>0<\/strong><\/td>\n<td valign=\"top\" width=\"38\"><strong>31<\/strong><\/td>\n<td valign=\"top\" width=\"38\"><strong>2<\/strong><\/td>\n<td valign=\"top\" width=\"57\"><strong>33<\/strong><\/td>\n<\/tr>\n<\/tbody>\n<\/table>\n<div class=\"tweetthis\" style=\"text-align:left;\"><p> <a target=\"_blank\" rel=\"nofollow\" class=\"tt\" href=\"http:\/\/twitter.com\/home\/?status=Keita+%E2%80%93+Um+africano+de+enorme+talento+https%3A%2F%2Fis.gd%2FOBUpXl\" title=\"Post to Twitter\"><img decoding=\"async\" class=\"nothumb\" src=\"http:\/\/www.sportingcanal.com\/wp-content\/plugins\/tweet-this\/icons\/en\/twitter\/tt-twitter6.png\" alt=\"Post to Twitter\" \/><\/a><\/p><\/div>","protected":false},"excerpt":{"rendered":"<p>Salif Keita Traore nasceu a 6 de Dezembro de 1946 em Bamako &#8211; Mali. Come\u00e7ou muito cedo a revelar grande potencial para o futebol, e ainda ao servi\u00e7o do Real Bamako (clube da terra) chegou a internacional maliano com apenas 16 anos. Em 1967 chegou a Fran\u00e7a &#8211; Saint-\u00c9tienne, onde teve uma carreira fant\u00e1stica conquistando [&hellip;]<\/p>\n","protected":false},"author":1,"featured_media":8126,"comment_status":"open","ping_status":"open","sticky":false,"template":"","format":"standard","meta":{"_et_pb_use_builder":"","_et_pb_old_content":"","_et_gb_content_width":"","footnotes":""},"categories":[63],"tags":[66,8],"_links":{"self":[{"href":"https:\/\/www.sportingcanal.com\/index.php?rest_route=\/wp\/v2\/posts\/8125"}],"collection":[{"href":"https:\/\/www.sportingcanal.com\/index.php?rest_route=\/wp\/v2\/posts"}],"about":[{"href":"https:\/\/www.sportingcanal.com\/index.php?rest_route=\/wp\/v2\/types\/post"}],"author":[{"embeddable":true,"href":"https:\/\/www.sportingcanal.com\/index.php?rest_route=\/wp\/v2\/users\/1"}],"replies":[{"embeddable":true,"href":"https:\/\/www.sportingcanal.com\/index.php?rest_route=%2Fwp%2Fv2%2Fcomments&post=8125"}],"version-history":[{"count":22,"href":"https:\/\/www.sportingcanal.com\/index.php?rest_route=\/wp\/v2\/posts\/8125\/revisions"}],"predecessor-version":[{"id":39345,"href":"https:\/\/www.sportingcanal.com\/index.php?rest_route=\/wp\/v2\/posts\/8125\/revisions\/39345"}],"wp:featuredmedia":[{"embeddable":true,"href":"https:\/\/www.sportingcanal.com\/index.php?rest_route=\/wp\/v2\/media\/8126"}],"wp:attachment":[{"href":"https:\/\/www.sportingcanal.com\/index.php?rest_route=%2Fwp%2Fv2%2Fmedia&parent=8125"}],"wp:term":[{"taxonomy":"category","embeddable":true,"href":"https:\/\/www.sportingcanal.com\/index.php?rest_route=%2Fwp%2Fv2%2Fcategories&post=8125"},{"taxonomy":"post_tag","embeddable":true,"href":"https:\/\/www.sportingcanal.com\/index.php?rest_route=%2Fwp%2Fv2%2Ftags&post=8125"}],"curies":[{"name":"wp","href":"https:\/\/api.w.org\/{rel}","templated":true}]}}