{"id":8314,"date":"2025-12-22T09:30:52","date_gmt":"2025-12-22T08:30:52","guid":{"rendered":"http:\/\/www.sportingcanal.com\/?p=8314"},"modified":"2025-12-23T12:12:47","modified_gmt":"2025-12-23T11:12:47","slug":"abel-o-professor-tranquilo","status":"publish","type":"post","link":"https:\/\/www.sportingcanal.com\/?p=8314","title":{"rendered":"Abel \u2013 O \u201cprofessor\u201d"},"content":{"rendered":"<p>Abel Fernando Moreira Ferreira nasceu a 22 de Dezembro de 1978 em Penafiel e foi no clube das sua terra que come\u00e7ou a destacar-se. Em 2000 chegou ao Vit\u00f3ria de Guimar\u00e3es e 4 anos depois rumou ao rival Braga.<\/p>\n<p>Chegou ao Sporting no \u201cmercado de Inverno\u201d de 2005\/06 (um empr\u00e9stimo por troca com Wender) e estreou-se oficialmente (com o treinador Paulo Bento, e ao mesmo tempo que Romagnoli) a 11 de Janeiro num triunfo em casa frente ao Vizela (2-1) para a Ta\u00e7a de Portugal. Nesses primeiros meses em Alvalade logo mostrou boas capacidades, defendendo e atacando bem e ganhando a titularidade (19 presen\u00e7as). Esse desempenho valeu-lhe a contrata\u00e7\u00e3o definitiva pelo Sporting por cerca de 750.000\u20ac.<\/p>\n<p>Apesar da boa \u00e9poca de estreia, s\u00f3 a partir de meados da temporada seguinte voltou a ser op\u00e7\u00e3o regular (25 presen\u00e7as), e com evidentes benef\u00edcios para a equipa. A 2 de Abril de 2007 marcou pela 1\u00aa vez, num triunfo em Alvalade frente ao Beira-Mar por 2-0. Deu um contributo importante para a magn\u00edfica ponta final da temporada da equipa de Paulo Bento (ficou a 1 ponto do t\u00edtulo e ganhou a Ta\u00e7a de Portugal).<\/p>\n<p>2007\/08 foi uma temporada longa com a equipa leonina envolvida em 6 competi\u00e7\u00f5es diferentes. Fruto da sua regularidade, Abel realizou 52 partidas (2 golos \u2013 1 deles em Old Trafford para a Liga dos Campe\u00f5es), tendo contribu\u00eddo para os triunfos na Superta\u00e7a e Ta\u00e7a de Portugal (ambas frente ao Porto).\u00a0No ano seguinte a concorr\u00eancia de Pedro Silva f\u00ea-lo alternar com o brasileiro na direita da defesa (sendo, ainda assim, mais utilizado \u2013 32 jogos). Esteve presente no triunfo na Superta\u00e7a (2-0 ao Porto).<\/p>\n<p>Em 2009\/10 ia cumprindo sem brilhantismos quando chegou Jo\u00e3o Pereira em Janeiro, e perdeu definitivamente o lugar para o refor\u00e7o proveniente (tal como ele) de Braga. Ainda assim fez 31 jogos. No ano seguinte jogou menos (23 presen\u00e7as), mas mostrou-se um elemento importante de balne\u00e1rio e respondeu sempre bem quando chamado.\u00a0 A 29 de Janeiro de 2011 marcou pela \u00faltima vez, numa derrota no Estoril (2-1) para a Ta\u00e7a da Liga. A presen\u00e7a derradeira aconteceu no Est\u00e1dio do Drag\u00e3o, a 17 de Abril de 2011 (derrota por 3-2). Poucos dias depois sofreu uma les\u00e3o grav\u00edssima num joelho numa altura em que estava para terminar contrato\u2026 Apesar disso o Sporting responsabilizou-se pela sua recupera\u00e7\u00e3o e come\u00e7ou a aventar-se a hip\u00f3tese de vir a desempenhar fun\u00e7\u00f5es na \u201cforma\u00e7\u00e3o\u201d do clube.<\/p>\n<p>Assim, esteve um total de 6 \u00e9pocas na equipa principal do Sporting, tendo alinhado em 182 jogos oficiais nos quais marcou 6 golos. Ganhou duas Ta\u00e7as de Portugal e outras tantas Superta\u00e7as. Foi uma vez internacional B (na altura em que jogava no\u00a0 Vit\u00f3ria de Guimar\u00e3es).<\/p>\n<p>Era conhecido entre os colegas como o \u201cprofessor\u201d, uma vez que \u00e9 licenciado em Educa\u00e7\u00e3o F\u00edsica (curso que concluiu quando alinhava no Vit\u00f3ria de Guimar\u00e3es).\u00a0Dele diz-se que est\u00e1 constantemente a ler e andava sempre com o computador atr\u00e1s para os est\u00e1gios. Tranquilo por natureza, \u00e9 apaixonado pelos desportos motorizados e adora cozido \u00e0 portuguesa com um vinho branco bem fresco.<\/p>\n<p>Durante v\u00e1rios meses, apesar de n\u00e3o ter contrato, prosseguiu a sua recupera\u00e7\u00e3o na Academia Sporting, e acabou por ser convidado para treinador dos juniores quando S\u00e1 Pinto assumiu a equipa principal em Janeiro de 2012. As coisas correram bem pois sagrou-se Campe\u00e3o Nacional logo na \u00e9poca de estreia. Mais tarde passou a liderar a equipa B, posto que ocupou at\u00e9 ao final da \u00e9poca 2013\/14.<\/p>\n<p>Mais tarde ocupou-se da equipa B do Sporting de Braga e depois orientou com sucesso a equipa principal bracarense. NO PAOK da Gr\u00e9cia conseguiu algum destaque, mas o grande feito conseguiu-o a 30 de Janeiro de 2021 ao conquistar a Ta\u00e7a dos Libertadores pelo Palmeiras (repetiu o feito no ano seguinte!), clube onde tamb\u00e9m j\u00e1 venceu o Brasileir\u00e3o por duas vezes a alcan\u00e7ou outros t\u00edtulos, tornando-se um \u00eddolo e uma das principais figuras da Hist\u00f3ria do clube brasileiro.<\/p>\n<div class=\"tweetthis\" style=\"text-align:left;\"><p> <a target=\"_blank\" rel=\"nofollow\" class=\"tt\" href=\"http:\/\/twitter.com\/home\/?status=Abel+%E2%80%93+O+%E2%80%9Cprofessor%E2%80%9D+https%3A%2F%2Fis.gd%2F35HFGu\" title=\"Post to Twitter\"><img decoding=\"async\" class=\"nothumb\" src=\"http:\/\/www.sportingcanal.com\/wp-content\/plugins\/tweet-this\/icons\/en\/twitter\/tt-twitter6.png\" alt=\"Post to Twitter\" \/><\/a><\/p><\/div>","protected":false},"excerpt":{"rendered":"<p>Abel Fernando Moreira Ferreira nasceu a 22 de Dezembro de 1978 em Penafiel e foi no clube das sua terra que come\u00e7ou a destacar-se. Em 2000 chegou ao Vit\u00f3ria de Guimar\u00e3es e 4 anos depois rumou ao rival Braga. Chegou ao Sporting no \u201cmercado de Inverno\u201d de 2005\/06 (um empr\u00e9stimo por troca com Wender) e [&hellip;]<\/p>\n","protected":false},"author":1,"featured_media":8315,"comment_status":"open","ping_status":"open","sticky":false,"template":"","format":"standard","meta":{"_et_pb_use_builder":"","_et_pb_old_content":"","_et_gb_content_width":"","footnotes":""},"categories":[63],"tags":[152,65,8],"_links":{"self":[{"href":"https:\/\/www.sportingcanal.com\/index.php?rest_route=\/wp\/v2\/posts\/8314"}],"collection":[{"href":"https:\/\/www.sportingcanal.com\/index.php?rest_route=\/wp\/v2\/posts"}],"about":[{"href":"https:\/\/www.sportingcanal.com\/index.php?rest_route=\/wp\/v2\/types\/post"}],"author":[{"embeddable":true,"href":"https:\/\/www.sportingcanal.com\/index.php?rest_route=\/wp\/v2\/users\/1"}],"replies":[{"embeddable":true,"href":"https:\/\/www.sportingcanal.com\/index.php?rest_route=%2Fwp%2Fv2%2Fcomments&post=8314"}],"version-history":[{"count":28,"href":"https:\/\/www.sportingcanal.com\/index.php?rest_route=\/wp\/v2\/posts\/8314\/revisions"}],"predecessor-version":[{"id":40272,"href":"https:\/\/www.sportingcanal.com\/index.php?rest_route=\/wp\/v2\/posts\/8314\/revisions\/40272"}],"wp:featuredmedia":[{"embeddable":true,"href":"https:\/\/www.sportingcanal.com\/index.php?rest_route=\/wp\/v2\/media\/8315"}],"wp:attachment":[{"href":"https:\/\/www.sportingcanal.com\/index.php?rest_route=%2Fwp%2Fv2%2Fmedia&parent=8314"}],"wp:term":[{"taxonomy":"category","embeddable":true,"href":"https:\/\/www.sportingcanal.com\/index.php?rest_route=%2Fwp%2Fv2%2Fcategories&post=8314"},{"taxonomy":"post_tag","embeddable":true,"href":"https:\/\/www.sportingcanal.com\/index.php?rest_route=%2Fwp%2Fv2%2Ftags&post=8314"}],"curies":[{"name":"wp","href":"https:\/\/api.w.org\/{rel}","templated":true}]}}