{"id":900,"date":"2026-01-01T15:55:52","date_gmt":"2026-01-01T14:55:52","guid":{"rendered":"http:\/\/www.sportingcanal.com\/?p=900"},"modified":"2026-01-01T18:21:36","modified_gmt":"2026-01-01T17:21:36","slug":"de-franceschi-um-extremo-a-moda-antiga","status":"publish","type":"post","link":"https:\/\/www.sportingcanal.com\/?p=900","title":{"rendered":"De Franceschi \u2013 Extremo \u00e0 moda antiga"},"content":{"rendered":"<p>Ivone De Franceschi nasceu a 1 de Janeiro de 1974 em Padova \u2013 It\u00e1lia.\u00a0Come\u00e7ou no clube da sua terra onde permaneceu v\u00e1rios anos. Chegou em 1998\/99 ao Veneza, na S\u00e9rie A, onde deu boas indica\u00e7\u00f5es, suficientes para despertar o interesse de Giuseppe Materazzi, novo t\u00e9cnico do Sporting para 99\/2000.<\/p>\n<p>Curiosamente, n\u00e3o foi com o seu compatriota que se estreou. S\u00f3 com a chegada de In\u00e1cio ao comando t\u00e9cnico o extremo-esquerdo italiano se apresentou pela 1\u00aa vez numa rece\u00e7\u00e3o ao Boavista a 4 de Outubro de 1999 (2-0). Duas semanas depois marcou num Sporting-Sp. Braga (2-0).<\/p>\n<p>Acabou por ser uma pe\u00e7a importante na equipa sportinguista que conquistou o hist\u00f3rico t\u00edtulo nacional desse ano, num conjunto onde Augusto In\u00e1cio privilegiava o uso de flanqueadores, o que o beneficiou. Tinha boa t\u00e9cnica e era sobretudo muito incisivo na ac\u00e7\u00f5es ofensivas &#8211; nas quais chegava com certa facilidade \u00e0 linha de fundo centrando depois, quase sempre, de forma certeira.<\/p>\n<p>Da sua passagem pelo Alvalade recorda-se uma empatia enorme entre De Franceschi e os adeptos. Ainda hoje o italiano afirma: \u201cForam s\u00f3 8 meses, mas intensos. Joguei bem, as pessoas aceitaram-me e conquistei aquele campeonato. Hoje as pessoas olham para mim e lembram-se disso. Sempre fui discreto, s\u00f3 queria jogar futebol e n\u00e3o parecer mais do que sou. Sinceramente n\u00e3o sei porque recebo tanto afecto, recebi mais do que dei, mas a vida tem estes mist\u00e9rios. Nem tudo o que \u00e9 belo se explica.\u201d<\/p>\n<p>Foi utilizado em 30 jogos oficiais, marcando 3 golos. Deixou uma \u00f3ptima imagem no Alvalade mas os respons\u00e1veis pelo Futebol leonino na altura acharam excessivo o pre\u00e7o do seu passe. Nos anos seguintes foram muitos os sportinguistas que lamentaram essa decis\u00e3o&#8230;<\/p>\n<p>Prosseguiu a carreira em It\u00e1lia onde passou, entre outros, por Veneza, Chievo e Bari. Terminou a carreira em Junho de 2007 devido a um grave problema coron\u00e1rio &#8211; uma malforma\u00e7\u00e3o cong\u00e9nita de uma das coron\u00e1rias principais do cora\u00e7\u00e3o, que poderia p\u00f4r em risco a sua vida.<\/p>\n<p>V\u00e1rios anos depois sempre mostrou continuar a sentir o emblema leonino. Em Agosto de 2010 esteve em Portugal para ser uma das caras de uma campanha da Gamebox 2010\/11, afirmando: \u00a0\u201cPara mim, o Sporting \u00e9 como uma mulher que se ama logo \u00e0 1\u00aa vista. Um homem pode conhecer v\u00e1rias mulheres, mas h\u00e1 sempre aquela, a especial. Independentemente de ficarmos com ela ou n\u00e3o, lembramo-nos dela para sempre! (&#8230;) Em It\u00e1lia costumo dizer que o Sporting \u00e9 a Juventus de Portugal. \u00c9 enorme, tem adeptos por toda a parte, uma hist\u00f3ria tremenda\u201d.<\/p>\n<div class=\"tweetthis\" style=\"text-align:left;\"><p> <a target=\"_blank\" rel=\"nofollow\" class=\"tt\" href=\"http:\/\/twitter.com\/home\/?status=De+Franceschi+%E2%80%93+Extremo+%C3%A0+moda+antiga+https%3A%2F%2Fis.gd%2FJRRpSK\" title=\"Post to Twitter\"><img decoding=\"async\" class=\"nothumb\" src=\"http:\/\/www.sportingcanal.com\/wp-content\/plugins\/tweet-this\/icons\/en\/twitter\/tt-twitter6.png\" alt=\"Post to Twitter\" \/><\/a><\/p><\/div>","protected":false},"excerpt":{"rendered":"<p>Ivone De Franceschi nasceu a 1 de Janeiro de 1974 em Padova \u2013 It\u00e1lia.\u00a0Come\u00e7ou no clube da sua terra onde permaneceu v\u00e1rios anos. Chegou em 1998\/99 ao Veneza, na S\u00e9rie A, onde deu boas indica\u00e7\u00f5es, suficientes para despertar o interesse de Giuseppe Materazzi, novo t\u00e9cnico do Sporting para 99\/2000. Curiosamente, n\u00e3o foi com o seu [&hellip;]<\/p>\n","protected":false},"author":1,"featured_media":901,"comment_status":"open","ping_status":"open","sticky":false,"template":"","format":"standard","meta":{"_et_pb_use_builder":"","_et_pb_old_content":"","_et_gb_content_width":"","footnotes":""},"categories":[63],"tags":[8,64],"_links":{"self":[{"href":"https:\/\/www.sportingcanal.com\/index.php?rest_route=\/wp\/v2\/posts\/900"}],"collection":[{"href":"https:\/\/www.sportingcanal.com\/index.php?rest_route=\/wp\/v2\/posts"}],"about":[{"href":"https:\/\/www.sportingcanal.com\/index.php?rest_route=\/wp\/v2\/types\/post"}],"author":[{"embeddable":true,"href":"https:\/\/www.sportingcanal.com\/index.php?rest_route=\/wp\/v2\/users\/1"}],"replies":[{"embeddable":true,"href":"https:\/\/www.sportingcanal.com\/index.php?rest_route=%2Fwp%2Fv2%2Fcomments&post=900"}],"version-history":[{"count":22,"href":"https:\/\/www.sportingcanal.com\/index.php?rest_route=\/wp\/v2\/posts\/900\/revisions"}],"predecessor-version":[{"id":39443,"href":"https:\/\/www.sportingcanal.com\/index.php?rest_route=\/wp\/v2\/posts\/900\/revisions\/39443"}],"wp:featuredmedia":[{"embeddable":true,"href":"https:\/\/www.sportingcanal.com\/index.php?rest_route=\/wp\/v2\/media\/901"}],"wp:attachment":[{"href":"https:\/\/www.sportingcanal.com\/index.php?rest_route=%2Fwp%2Fv2%2Fmedia&parent=900"}],"wp:term":[{"taxonomy":"category","embeddable":true,"href":"https:\/\/www.sportingcanal.com\/index.php?rest_route=%2Fwp%2Fv2%2Fcategories&post=900"},{"taxonomy":"post_tag","embeddable":true,"href":"https:\/\/www.sportingcanal.com\/index.php?rest_route=%2Fwp%2Fv2%2Ftags&post=900"}],"curies":[{"name":"wp","href":"https:\/\/api.w.org\/{rel}","templated":true}]}}