{"id":909,"date":"2026-01-03T08:00:52","date_gmt":"2026-01-03T07:00:52","guid":{"rendered":"http:\/\/www.sportingcanal.com\/?p=909"},"modified":"2026-01-03T18:27:31","modified_gmt":"2026-01-03T17:27:31","slug":"alfredo-trindade","status":"publish","type":"post","link":"https:\/\/www.sportingcanal.com\/?p=909","title":{"rendered":"Alfredo Trindade"},"content":{"rendered":"<p>Nasceu a 3 de Janeiro de 1908\u00a0em Valada do Ribatejo.\u00a0Em menino queria ser jogador de futebol e aos 15 anos era um dos melhores futebolistas ribatejanos enquanto exercia a profiss\u00e3o de carpinteiro. Certo dia partiu um bra\u00e7o e o pai disse-lhe que nunca mais jogaria, comprando-lhe ent\u00e3o uma bicicleta para que esquecesse os pontap\u00e9s na bola.<\/p>\n<p>Num domingo foi de passeio a Salvaterra e ocorreu-lhe participar numa prova das festas da vila. Ficou em 3\u00ba e satisfeito. Pouco tempo mais tarde o pai acabou por arrepender-se de lhe ter comprado a bicicleta porque ele j\u00e1 n\u00e3o queria outra coisa<\/p>\n<p>Em 1928 falou com An\u00edbal Firmino da Silva, que corria em Carcavelos, para o ajudar a entrar para o Sporting &#8211; o clube com que simpatizava. Entusiasmava-o as vit\u00f3rias leoninas no futebol apesar de nunca ter visto jogar os seus \u00eddolos. A ideia de vestir a camisola verde e branca deslumbrava-o.<\/p>\n<p>Alfredo de Sousa (um ciclista leonino da altura) acabou por prop\u00f4-lo para s\u00f3cio, o que se concretizou em 28 de Maio de 1930, ficando com o n\u00famero 3.127.<\/p>\n<p>Na 1\u00aa prova de \u201cfortes\u201d em que participou ficaram 16 ciclistas \u00e0 sua frente&#8230; Foi uma desilus\u00e3o. Depois fez Lisboa-Benavente &#8211; ficou em 4\u00ba e mais animado. Esteve 1 ano no Sporting, mas a organiza\u00e7\u00e3o da sec\u00e7\u00e3o de Ciclismo n\u00e3o era a melhor, pelo que se desinteressou e passou para o Uni\u00e3o Clube Rio de Janeiro onde esteve 2 anos ficando em 2\u00ba (1931) e vencendo uma Volta a Portugal (1932), numa altura em que os seus duelos com o benfiquista Jos\u00e9 Maria Nicolau come\u00e7avam a arrebatar o pa\u00eds\u00a0 Entretanto a sec\u00e7\u00e3o de Ciclismo do Sporting reorganizava-se, no Rio de Janeiro passava-se situa\u00e7\u00f5es que o desgostavam e tudo se conjugou para que voltasse ao Sporting. Como \u201cbom le\u00e3o\u201d, regressou.<\/p>\n<p>Nesse ano conseguiu ser o melhor portugu\u00eas na 1\u00aa Volta a Pontevedra &#8211; alcan\u00e7ando o 10\u00ba lugar, para em Julho se sagrar campe\u00e3o regional (depois seria campe\u00e3o nacional) de fundo (o seu 1\u00ba t\u00edtulo significativo de verde e branco vestido). Pouco depois venceu a sua 2\u00aa Volta a Portugal (na 1\u00aa vez que o Sporting conseguiu ter um ciclista vencedor e triunfar coletivamente) dando mais de 43 minutos de avan\u00e7o ao seu colega de equipa Ezequiel Lino! Ainda no mesmo ano a Federa\u00e7\u00e3o Ciclista Brasileira convidou-o para correr 3 provas no Rio de Janeiro e em S\u00e3o Paulo. Venceu todas. Segundo os jornais desse tempo, perto de 30.000 emigrantes portugueses vibravam com os triunfos do \u201ccorredor lusitano\u201d.<\/p>\n<p>Em 1934 desistiu da Volta a Portugal devido a um acidente com um motociclista da prova, mas ainda assim realizou uma excelente temporada, tendo como vit\u00f3rias mais significativas o 2\u00ba t\u00edtulo nacional de fundo e os 100km da Uni\u00e3o Velocip\u00e9dica Portuguesa.<\/p>\n<p>Em 1935 mudou de clube passando para Os Le\u00f5es de Ferreira do Alentejo, coletividade de exist\u00eancia ef\u00e9mera. No ano seguinte ingressou pela 3\u00aa vez no Sporting, sendo o &#8220;chefe de fila&#8221; a par de Felipe de Melo. A\u00ed voltou a destacar-se ao triunfar no Lisboa-Porto, no 1\u00ba Circuito Internacional de UVP e ao alcan\u00e7ar o seu 3\u00ba t\u00edtulo nacional de fundo.<\/p>\n<p>Em 1937 voltou a brilhar no Brasil onde tornou a vencer tudo, merecendo inclusivamente uma homenagem da dire\u00e7\u00e3o leonina quando voltou. Em 38 e 39 ainda alinhou pelos le\u00f5es mas a sua j\u00e1 relativa veterania impediu-o de alcan\u00e7ar triunfos marcantes a n\u00edvel individual, embora ainda fosse uma pe\u00e7a importante no coletivo verde e branco. Nos anos seguintes correu como independente e depois pelo Belenenses. Em 1942 regressou novamente ao Sporting onde ainda contribuiu para alguns \u00eaxitos coletivos.<\/p>\n<p>No treino, Trindade fazia diariamente 40km, e uma vez por semana 100. Completava-o com gin\u00e1stica respirat\u00f3ria e saltos \u00e0 corda, para al\u00e9m da massagem (que n\u00e3o dispensava) e assist\u00eancia m\u00e9dica \u2013 fazia exames frequentemente para saber o estado do cora\u00e7\u00e3o, dos pulm\u00f5es e dos rins.\u00a0Depois do Ciclismo preferia a dan\u00e7a e o futebol. Gostava tamb\u00e9m de nadar e fazer remo. Admirava muito Jorge Vieira, mostrando uma predile\u00e7\u00e3o por todos os desportistas do Sporting. Ali\u00e1s, foi ele que trouxe para o clube um jogador \u201calto e magricela\u201d, chamado Jo\u00e3o Martins, que viria a ser uma das principais figuras da Hist\u00f3ria do futebol leonino.<\/p>\n<div class=\"tweetthis\" style=\"text-align:left;\"><p> <a target=\"_blank\" rel=\"nofollow\" class=\"tt\" href=\"http:\/\/twitter.com\/home\/?status=Alfredo+Trindade+https%3A%2F%2Fis.gd%2F5hVf5Y\" title=\"Post to Twitter\"><img decoding=\"async\" class=\"nothumb\" src=\"http:\/\/www.sportingcanal.com\/wp-content\/plugins\/tweet-this\/icons\/en\/twitter\/tt-twitter6.png\" alt=\"Post to Twitter\" \/><\/a><\/p><\/div>","protected":false},"excerpt":{"rendered":"<p>Nasceu a 3 de Janeiro de 1908\u00a0em Valada do Ribatejo.\u00a0Em menino queria ser jogador de futebol e aos 15 anos era um dos melhores futebolistas ribatejanos enquanto exercia a profiss\u00e3o de carpinteiro. Certo dia partiu um bra\u00e7o e o pai disse-lhe que nunca mais jogaria, comprando-lhe ent\u00e3o uma bicicleta para que esquecesse os pontap\u00e9s na [&hellip;]<\/p>\n","protected":false},"author":1,"featured_media":910,"comment_status":"open","ping_status":"open","sticky":false,"template":"","format":"standard","meta":{"_et_pb_use_builder":"","_et_pb_old_content":"","_et_gb_content_width":"","footnotes":""},"categories":[13],"tags":[29],"_links":{"self":[{"href":"https:\/\/www.sportingcanal.com\/index.php?rest_route=\/wp\/v2\/posts\/909"}],"collection":[{"href":"https:\/\/www.sportingcanal.com\/index.php?rest_route=\/wp\/v2\/posts"}],"about":[{"href":"https:\/\/www.sportingcanal.com\/index.php?rest_route=\/wp\/v2\/types\/post"}],"author":[{"embeddable":true,"href":"https:\/\/www.sportingcanal.com\/index.php?rest_route=\/wp\/v2\/users\/1"}],"replies":[{"embeddable":true,"href":"https:\/\/www.sportingcanal.com\/index.php?rest_route=%2Fwp%2Fv2%2Fcomments&post=909"}],"version-history":[{"count":26,"href":"https:\/\/www.sportingcanal.com\/index.php?rest_route=\/wp\/v2\/posts\/909\/revisions"}],"predecessor-version":[{"id":39448,"href":"https:\/\/www.sportingcanal.com\/index.php?rest_route=\/wp\/v2\/posts\/909\/revisions\/39448"}],"wp:featuredmedia":[{"embeddable":true,"href":"https:\/\/www.sportingcanal.com\/index.php?rest_route=\/wp\/v2\/media\/910"}],"wp:attachment":[{"href":"https:\/\/www.sportingcanal.com\/index.php?rest_route=%2Fwp%2Fv2%2Fmedia&parent=909"}],"wp:term":[{"taxonomy":"category","embeddable":true,"href":"https:\/\/www.sportingcanal.com\/index.php?rest_route=%2Fwp%2Fv2%2Fcategories&post=909"},{"taxonomy":"post_tag","embeddable":true,"href":"https:\/\/www.sportingcanal.com\/index.php?rest_route=%2Fwp%2Fv2%2Ftags&post=909"}],"curies":[{"name":"wp","href":"https:\/\/api.w.org\/{rel}","templated":true}]}}