{"id":9313,"date":"2026-03-10T09:00:04","date_gmt":"2026-03-10T08:00:04","guid":{"rendered":"http:\/\/www.sportingcanal.com\/?p=9313"},"modified":"2026-03-14T14:22:24","modified_gmt":"2026-03-14T13:22:24","slug":"atletismo-campeoes-nacionais-de-crosse-coletiva-e-individualmente-em-m-e-f","status":"publish","type":"post","link":"https:\/\/www.sportingcanal.com\/?p=9313","title":{"rendered":"2012 \u2013 Campe\u00f5es Nacionais de Crosse coletiva e individualmente em M e F"},"content":{"rendered":"<p>10 de Mar\u00e7o de 2012. As equipas masculina e feminina de atletismo do Sporting sagraram-se Campe\u00e3s Nacionais de crosse curto, numa prova que decorreu em Guimar\u00e3es.\u00a0Rui Silva venceu a prova masculina, enquanto que Carla Salom\u00e9 Rocha esteve em destaque nas senhoras aos conquistar o t\u00edtulo nacional individual, o nacional de sub-23, o universit\u00e1rio e alcan\u00e7ou ainda o 1.\u00ba lugar na prova de crosse curto.<\/p>\n<p>Na prova feminina, as leoas fizeram o pleno e ficaram classicadas da seguinte forma: 1.\u00aa Carla Salom\u00e9 Rocha, 2.\u00aa Clarisse Cruz, 3.\u00aa Sandra Teixeira e 4.\u00aa Solange Jesus. Nos homens: 1.\u00ba Rui Silva, 5.\u00aa Albuquerque, 9.\u00ba M\u00e1rio Teixeira e 10.\u00ba Lu\u00eds Pinto.<\/p>\n<div class=\"tweetthis\" style=\"text-align:left;\"><p> <a target=\"_blank\" rel=\"nofollow\" class=\"tt\" href=\"http:\/\/twitter.com\/home\/?status=2012+%E2%80%93+Campe%C3%B5es+Nacionais+de+Crosse+coletiva+e+individualmente+em+M+e+F+https%3A%2F%2Fis.gd%2FiXQnKR\" title=\"Post to Twitter\"><img decoding=\"async\" class=\"nothumb\" src=\"http:\/\/www.sportingcanal.com\/wp-content\/plugins\/tweet-this\/icons\/en\/twitter\/tt-twitter6.png\" alt=\"Post to Twitter\" \/><\/a><\/p><\/div>","protected":false},"excerpt":{"rendered":"<p>10 de Mar\u00e7o de 2012. As equipas masculina e feminina de atletismo do Sporting sagraram-se Campe\u00e3s Nacionais de crosse curto, numa prova que decorreu em Guimar\u00e3es.\u00a0Rui Silva venceu a prova masculina, enquanto que Carla Salom\u00e9 Rocha esteve em destaque nas senhoras aos conquistar o t\u00edtulo nacional individual, o nacional de sub-23, o universit\u00e1rio e alcan\u00e7ou [&hellip;]<\/p>\n","protected":false},"author":1,"featured_media":9314,"comment_status":"open","ping_status":"open","sticky":false,"template":"","format":"standard","meta":{"_et_pb_use_builder":"","_et_pb_old_content":"","_et_gb_content_width":"","footnotes":""},"categories":[17],"tags":[21,22,48],"_links":{"self":[{"href":"https:\/\/www.sportingcanal.com\/index.php?rest_route=\/wp\/v2\/posts\/9313"}],"collection":[{"href":"https:\/\/www.sportingcanal.com\/index.php?rest_route=\/wp\/v2\/posts"}],"about":[{"href":"https:\/\/www.sportingcanal.com\/index.php?rest_route=\/wp\/v2\/types\/post"}],"author":[{"embeddable":true,"href":"https:\/\/www.sportingcanal.com\/index.php?rest_route=\/wp\/v2\/users\/1"}],"replies":[{"embeddable":true,"href":"https:\/\/www.sportingcanal.com\/index.php?rest_route=%2Fwp%2Fv2%2Fcomments&post=9313"}],"version-history":[{"count":21,"href":"https:\/\/www.sportingcanal.com\/index.php?rest_route=\/wp\/v2\/posts\/9313\/revisions"}],"predecessor-version":[{"id":39800,"href":"https:\/\/www.sportingcanal.com\/index.php?rest_route=\/wp\/v2\/posts\/9313\/revisions\/39800"}],"wp:featuredmedia":[{"embeddable":true,"href":"https:\/\/www.sportingcanal.com\/index.php?rest_route=\/wp\/v2\/media\/9314"}],"wp:attachment":[{"href":"https:\/\/www.sportingcanal.com\/index.php?rest_route=%2Fwp%2Fv2%2Fmedia&parent=9313"}],"wp:term":[{"taxonomy":"category","embeddable":true,"href":"https:\/\/www.sportingcanal.com\/index.php?rest_route=%2Fwp%2Fv2%2Fcategories&post=9313"},{"taxonomy":"post_tag","embeddable":true,"href":"https:\/\/www.sportingcanal.com\/index.php?rest_route=%2Fwp%2Fv2%2Ftags&post=9313"}],"curies":[{"name":"wp","href":"https:\/\/api.w.org\/{rel}","templated":true}]}}