{"id":942,"date":"2026-01-04T08:00:15","date_gmt":"2026-01-04T07:00:15","guid":{"rendered":"http:\/\/www.sportingcanal.com\/?p=942"},"modified":"2026-01-04T20:21:04","modified_gmt":"2026-01-04T19:21:04","slug":"vujacic-um-bom-central-transformado-num-optimo-lateral","status":"publish","type":"post","link":"https:\/\/www.sportingcanal.com\/?p=942","title":{"rendered":"Vujacic \u2013 Um razo\u00e1vel central transformado num bom lateral"},"content":{"rendered":"<p>Budimir Vujacic nasceu a 4 de Janeiro de 1966 na cidade de Bar \u2013 Montenegro. Entre finais dos anos 80 e in\u00edcio dos 90 do s\u00e9culo passado tornou-se uma refer\u00eancia da defesa do Partizan de Belgrado, onde era capit\u00e3o de equipa.<\/p>\n<p>No in\u00edcio da temporada 1993\/94 foi contratado pelo presidente Sousa Cintra para \u201cpatr\u00e3o da defesa\u201d sportinguista. Sem ter sido uma escolha do t\u00e9cnico Bobby Robson, nunca chegou a ser por ele utilizado, pelo que se estreou apenas a 5 de Fevereiro de 1994 frente ao Salgueiros (1-0) j\u00e1 com Carlos Queiroz no comando t\u00e9cnico da equipa. O seu 1\u00ba golo surgiu uma semana depois na rece\u00e7\u00e3o ao Vit\u00f3ria de Set\u00fabal (2-1). Nesse final de temporada jogou assiduamente, sempre como defesa-central. No \u00faltimo jogo da \u00e9poca ficou na mem\u00f3ria a correria com que se dirigiu a Bobby Robson (ent\u00e3o t\u00e9cnico do FC Porto) ap\u00f3s ter marcado um golo aos portistas na final\u00edssima da Ta\u00e7a de Portugal.<\/p>\n<p>Na \u00e9poca seguinte, com a chegada de Naybet e Marco Aur\u00e9lio ao clube, Carlos Queiroz optou por fazer derivar Vujacic para o lado esquerdo da defesa e em boa hora isso aconteceu, pois aquele que era um razo\u00e1vel central tornou-se num bom lateral. Muito regular, com razo\u00e1vel velocidade e \u00f3timo jogo de cabe\u00e7a, Vujacic mostrou-se sempre duma utilidade enorme fazendo 35 jogos (3 golos) e conquistando os adeptos.<\/p>\n<p>Em 1995\/96, uma \u00e9poca muito conturbada, o montenegrino voltou a ser \u201cdono\u201d da lateral esquerda, sempre com atua\u00e7\u00f5es pendulares. Sem que nada o fizesse prever a sua \u00faltima temporada no clube (96\/97) foi fraqu\u00edssima, com les\u00f5es em cima de les\u00f5es e apenas uma presen\u00e7a. Alinhou pela \u00faltima vez frente ao Boavista a 15 de Junho de 1997 (1-2).<\/p>\n<p>Em suma, Vujacic realizou 4 temporadas e 79 jogos oficiais pelo Sporting, apontando 9 golos. Ganhou uma Ta\u00e7a de Portugal (94\/95) e uma Superta\u00e7a (95\/96). Foi internacional por 12 vezes pela antiga Jugosl\u00e1via.<\/p>\n<p>Terminou a sua carreira em 1998 ap\u00f3s duas \u00e9pocas no futebol japon\u00eas. Mais tarde tornou-se olheiro do Manchester United (indicado por Carlos Queiroz).<\/p>\n<p>Afirma convictamente que nunca esqueceu o Sporting: \u201cTenho saudades de Portugal e do Sporting. Continuo a ser sportinguista, todos os que me conhecem o sabem. Tenho 2 clubes, o Partizan e o Sporting\u201d.<\/p>\n<div class=\"tweetthis\" style=\"text-align:left;\"><p> <a target=\"_blank\" rel=\"nofollow\" class=\"tt\" href=\"http:\/\/twitter.com\/home\/?status=Vujacic+%E2%80%93+Um+razo%C3%A1vel+central+transformado+num+bom+lateral+https%3A%2F%2Fis.gd%2FYgWjdC\" title=\"Post to Twitter\"><img decoding=\"async\" class=\"nothumb\" src=\"http:\/\/www.sportingcanal.com\/wp-content\/plugins\/tweet-this\/icons\/en\/twitter\/tt-twitter6.png\" alt=\"Post to Twitter\" \/><\/a><\/p><\/div>","protected":false},"excerpt":{"rendered":"<p>Budimir Vujacic nasceu a 4 de Janeiro de 1966 na cidade de Bar \u2013 Montenegro. Entre finais dos anos 80 e in\u00edcio dos 90 do s\u00e9culo passado tornou-se uma refer\u00eancia da defesa do Partizan de Belgrado, onde era capit\u00e3o de equipa. No in\u00edcio da temporada 1993\/94 foi contratado pelo presidente Sousa Cintra para \u201cpatr\u00e3o da [&hellip;]<\/p>\n","protected":false},"author":1,"featured_media":943,"comment_status":"open","ping_status":"open","sticky":false,"template":"","format":"standard","meta":{"_et_pb_use_builder":"","_et_pb_old_content":"","_et_gb_content_width":"","footnotes":""},"categories":[63],"tags":[65,8],"_links":{"self":[{"href":"https:\/\/www.sportingcanal.com\/index.php?rest_route=\/wp\/v2\/posts\/942"}],"collection":[{"href":"https:\/\/www.sportingcanal.com\/index.php?rest_route=\/wp\/v2\/posts"}],"about":[{"href":"https:\/\/www.sportingcanal.com\/index.php?rest_route=\/wp\/v2\/types\/post"}],"author":[{"embeddable":true,"href":"https:\/\/www.sportingcanal.com\/index.php?rest_route=\/wp\/v2\/users\/1"}],"replies":[{"embeddable":true,"href":"https:\/\/www.sportingcanal.com\/index.php?rest_route=%2Fwp%2Fv2%2Fcomments&post=942"}],"version-history":[{"count":24,"href":"https:\/\/www.sportingcanal.com\/index.php?rest_route=\/wp\/v2\/posts\/942\/revisions"}],"predecessor-version":[{"id":39450,"href":"https:\/\/www.sportingcanal.com\/index.php?rest_route=\/wp\/v2\/posts\/942\/revisions\/39450"}],"wp:featuredmedia":[{"embeddable":true,"href":"https:\/\/www.sportingcanal.com\/index.php?rest_route=\/wp\/v2\/media\/943"}],"wp:attachment":[{"href":"https:\/\/www.sportingcanal.com\/index.php?rest_route=%2Fwp%2Fv2%2Fmedia&parent=942"}],"wp:term":[{"taxonomy":"category","embeddable":true,"href":"https:\/\/www.sportingcanal.com\/index.php?rest_route=%2Fwp%2Fv2%2Fcategories&post=942"},{"taxonomy":"post_tag","embeddable":true,"href":"https:\/\/www.sportingcanal.com\/index.php?rest_route=%2Fwp%2Fv2%2Ftags&post=942"}],"curies":[{"name":"wp","href":"https:\/\/api.w.org\/{rel}","templated":true}]}}