{"id":977,"date":"2026-01-06T08:00:34","date_gmt":"2026-01-06T07:00:34","guid":{"rendered":"http:\/\/www.sportingcanal.com\/?p=977"},"modified":"2026-01-06T15:15:51","modified_gmt":"2026-01-06T14:15:51","slug":"litos","status":"publish","type":"post","link":"https:\/\/www.sportingcanal.com\/?p=977","title":{"rendered":"Litos \u2013 Um grande talento que poderia ter chegado mais longe"},"content":{"rendered":"<p>Lu\u00eds Filipe Vieira Carvalha nasceu a 6 de Janeiro de 1967 em S. Jo\u00e3o da Madeira e foi na Sanjoanense que come\u00e7ou a jogar futebol.\u00a0Estava ainda no escal\u00e3o de iniciados quando foi \u201cdescoberto\u201d pelo Sporting (o clube \u201cde cora\u00e7\u00e3o\u201d desde muito novo). O seu talento logo deu nas vistas e nas camadas jovens foi sempre internacional.<\/p>\n<p>No defeso de 1984 o Sporting perdeu Futre para o FC Porto, mas em Alvalade havia a cren\u00e7a de que Litos (tamb\u00e9m aliciado pelos portistas mas que acabou por permanecer de verde e branco) n\u00e3o ficaria nada a dever em termos de potencial ao ex-companheiro.<\/p>\n<p>John Toshack, o t\u00e9cnico contratado para orientar o futebol do Sporting na altura, apostou forte no jovem centrocampista e promoveu a sua estreia logo no 1\u00ba jogo oficial da \u00e9poca, o Sporting-Vit\u00f3ria de Guimar\u00e3es realizado a 26 de Agosto de 1984 (3-0).\u00a0A 3 de Outubro Litos estreou-se a marcar oficialmente ajudando a resolver uma eliminat\u00f3ria da Ta\u00e7a UEFA que estava muito complicada em Auxerre (2-2 ap).<\/p>\n<p>Nessa 1\u00aa temporada realizou 37 jogos oficiais apontando 8 golos. Dono de uma capacidade t\u00e9cnica muito acima da m\u00e9dia, dizia-se que o seu potencial n\u00e3o tinha limites e havia quem lhe chamasse o \u201cPlatini portugu\u00eas\u201d.<\/p>\n<p>Entretanto John Toshack foi despedido e a partir da temporada seguinte, com Manuel Jos\u00e9 (e Keith Burkinshaw), Litos foi perdendo protagonismo na equipa embora continuasse a jogar com alguma assiduidade. O mesmo foi acontecendo com Ant\u00f3nio Morais, Pedro Rocha e Ra\u00fal \u00c1guas.\u00a0Com o tempo foi sendo utilizado quase sempre como m\u00e9dio ala direito, posi\u00e7\u00e3o que desempenhava com efic\u00e1cia mas sem brilhantismos. Era na posi\u00e7\u00e3o 10 que conseguia extravasar todo o seu potencial mas raramente l\u00e1 jogou com os v\u00e1rios treinadores que teve no Alvalade.<\/p>\n<p>Em 1990\/91 voltou a ser uma aposta consistente, agora de Marinho Peres, realizando 43 jogos. Parecia que a sua \u201cestrela\u201d voltaria a brilhar, mas inesperadamente, no ano seguinte, com a afirma\u00e7\u00e3o de Figo e Balakov voltou a ser uma 2\u00aa escolha e acabou por ser dispensado no final&#8230;<\/p>\n<p>Permaneceu no Sporting 8 temporadas (at\u00e9 1991\/92) mas nunca voltou a atingir o mesmo patamar da temporada de estreia (quando tinha apenas 17 para 18 anos).\u00a0O seu \u00faltimo golo foi marcado a 5 de Maio de 1991 na Luz frente ao Benfica (1-1).\u00a0Realizou 193 jogos oficiais pelos le\u00f5es marcando 19 golos. Ganhou 1 Superta\u00e7a.<\/p>\n<p>Jogou duas vezes na Sele\u00e7\u00e3o nacional.<\/p>\n<p>Dispensado em 1992 passou depois sem grande brilho por Boavista, Braga, Estoril, Lusitanos de St. Maur e Beira Mar, terminando a carreira em 1999. \u201cAbra\u00e7ou\u201d ent\u00e3o a carreira de treinador. Esteve no Estoril, em Mo\u00e7ambique e no Portimonense, que conseguiu subir ao principal escal\u00e3o do Futebol portugu\u00eas em 2009\/10. Depois esteve no Leix\u00f5es e em 2012 foi treinar para Mo\u00e7ambique, onde foi campe\u00e3o no Liga Desportiva de Maputo.<\/p>\n<p>Em 2006 disse numa entrevista que pretendia um dia regressar a Alvalade, \u201cmas pela porta grande\u201d.<\/p>\n<div class=\"tweetthis\" style=\"text-align:left;\"><p> <a target=\"_blank\" rel=\"nofollow\" class=\"tt\" href=\"http:\/\/twitter.com\/home\/?status=Litos+%E2%80%93+Um+grande+talento+que+poderia+ter+chegado+mais+longe+https%3A%2F%2Fis.gd%2FPiOlgS\" title=\"Post to Twitter\"><img decoding=\"async\" class=\"nothumb\" src=\"http:\/\/www.sportingcanal.com\/wp-content\/plugins\/tweet-this\/icons\/en\/twitter\/tt-twitter6.png\" alt=\"Post to Twitter\" \/><\/a><\/p><\/div>","protected":false},"excerpt":{"rendered":"<p>Lu\u00eds Filipe Vieira Carvalha nasceu a 6 de Janeiro de 1967 em S. Jo\u00e3o da Madeira e foi na Sanjoanense que come\u00e7ou a jogar futebol.\u00a0Estava ainda no escal\u00e3o de iniciados quando foi \u201cdescoberto\u201d pelo Sporting (o clube \u201cde cora\u00e7\u00e3o\u201d desde muito novo). O seu talento logo deu nas vistas e nas camadas jovens foi sempre [&hellip;]<\/p>\n","protected":false},"author":1,"featured_media":978,"comment_status":"open","ping_status":"open","sticky":false,"template":"","format":"standard","meta":{"_et_pb_use_builder":"","_et_pb_old_content":"","_et_gb_content_width":"","footnotes":""},"categories":[63],"tags":[8,64],"_links":{"self":[{"href":"https:\/\/www.sportingcanal.com\/index.php?rest_route=\/wp\/v2\/posts\/977"}],"collection":[{"href":"https:\/\/www.sportingcanal.com\/index.php?rest_route=\/wp\/v2\/posts"}],"about":[{"href":"https:\/\/www.sportingcanal.com\/index.php?rest_route=\/wp\/v2\/types\/post"}],"author":[{"embeddable":true,"href":"https:\/\/www.sportingcanal.com\/index.php?rest_route=\/wp\/v2\/users\/1"}],"replies":[{"embeddable":true,"href":"https:\/\/www.sportingcanal.com\/index.php?rest_route=%2Fwp%2Fv2%2Fcomments&post=977"}],"version-history":[{"count":30,"href":"https:\/\/www.sportingcanal.com\/index.php?rest_route=\/wp\/v2\/posts\/977\/revisions"}],"predecessor-version":[{"id":39455,"href":"https:\/\/www.sportingcanal.com\/index.php?rest_route=\/wp\/v2\/posts\/977\/revisions\/39455"}],"wp:featuredmedia":[{"embeddable":true,"href":"https:\/\/www.sportingcanal.com\/index.php?rest_route=\/wp\/v2\/media\/978"}],"wp:attachment":[{"href":"https:\/\/www.sportingcanal.com\/index.php?rest_route=%2Fwp%2Fv2%2Fmedia&parent=977"}],"wp:term":[{"taxonomy":"category","embeddable":true,"href":"https:\/\/www.sportingcanal.com\/index.php?rest_route=%2Fwp%2Fv2%2Fcategories&post=977"},{"taxonomy":"post_tag","embeddable":true,"href":"https:\/\/www.sportingcanal.com\/index.php?rest_route=%2Fwp%2Fv2%2Ftags&post=977"}],"curies":[{"name":"wp","href":"https:\/\/api.w.org\/{rel}","templated":true}]}}