{"id":987,"date":"2026-01-08T08:30:10","date_gmt":"2026-01-08T07:30:10","guid":{"rendered":"http:\/\/www.sportingcanal.com\/?p=987"},"modified":"2026-01-09T16:50:02","modified_gmt":"2026-01-09T15:50:02","slug":"peres","status":"publish","type":"post","link":"https:\/\/www.sportingcanal.com\/?p=987","title":{"rendered":"Peres \u2013 M\u00e9dio ofensivo com futebol \u201cperfumado\u201d"},"content":{"rendered":"<p>Fernando Peres da Silva nasceu a 8 de Janeiro de 1942 em Alg\u00e9s.\u00a0Formado no Belenenses cedo deu nas vistas com internacionaliza\u00e7\u00f5es nas camadas jovens. Mais tarde foi internacional militar e ainda militando no clube do Restelo foi integrado na sele\u00e7\u00e3o principal portuguesa.<\/p>\n<p>Chegou ao Sporting no Ver\u00e3o de 1965 como principal aposta para reverter a tend\u00eancia ap\u00f3s 3 anos sem t\u00edtulos nacionais. Para adquirir o seu passe o Sporting pagou 100 contos ao Belenenses e 800 ao jogador, que foi ganhar 4 contos por m\u00eas.<\/p>\n<p>Logo na estreia oficial, a 12 de Setembro, marcou o seu 1\u00ba golo na desloca\u00e7\u00e3o a \u00c9vora para defrontar o Lusitano na 1\u00aa jornada do Campeonato (5-2).\u00a0O seu futebol tecnicista (com um p\u00e9 esquerdo magn\u00edfico) e \u00f3tima qualidade de passe conquistaram rapidamente a \u201cplateia\u201d de Alvalade. Fez 40 jogos e marcou 13 golos contribuindo em boa escala para o 12\u00ba t\u00edtulo nacional dos le\u00f5es, apontando at\u00e9 o golo decisivo na P\u00f3voa de Varzim.<\/p>\n<p>As duas temporadas seguintes n\u00e3o foram t\u00e3o felizes e acabou por sair para a Acad\u00e9mica no defeso de 1968.\u00a0Em Coimbra permaneceu apenas 1 ano pois em Alvalade sentiu-se rapidamente saudades do &#8220;perfume&#8221; do seu futebol.<\/p>\n<p>No in\u00edcio da \u00e9poca 1969\/70 regressou ao Sporting e mais uma vez provou toda a sua qualidade ao contribuir para mais um t\u00edtulo com 37 presen\u00e7as e 14 golos em partidas oficiais.\u00a0Nas duas temporadas seguintes voltou a estar em grande plano mas conflitos com a dire\u00e7\u00e3o fizeram-no sair do clube numa altura em que ainda possu\u00eda grandes recursos&#8230;<\/p>\n<p>A 23 de Maio de 1971 contribuiu de forma decisiva (com 7 golos) para o jogo que est\u00e1 na Hist\u00f3ria como a maior goleada de sempre no futebol profissional em Portugal (21-0),\u00a0frente ao Mindelense, para a Ta\u00e7a de Portugal.<\/p>\n<p>Realizou o seu \u00faltimo jogo de verde e branco na final da Ta\u00e7a de Portugal, a 4 de Junho de 1972, frente ao Benfica (2-3 ap) apontando 1 golo.<\/p>\n<p>No Sporting acabou por fazer 6 temporadas com 200 presen\u00e7as e 64 golos. Ganhou 2 Campeonatos Nacionais e uma Ta\u00e7a de Portugal.\u00a0Depois jogou no Brasil (Vasco da Gama) e FC Porto.\u00a0Foi 27 vezes internacional A apontando 4 golos.<\/p>\n<p>Em finais dos anos 70 encetou a carreira de treinador passando, entre outros clubes, por Uni\u00e3o de Leiria, Vit\u00f3ria de Guimar\u00e3es e Estoril.<\/p>\n<p>Na temporada 1988\/89 Jorge Gon\u00e7alves chamou-o para voltar ao Sporting para adjunto do uruguaio Pedro Rocha, uma equipa t\u00e9cnica que n\u00e3o conseguiu \u201ccriar ra\u00edzes\u201d em Alvalade.<\/p>\n<p>Morreu a 10 de Fevereiro de 2019, v\u00edtima de doen\u00e7a prolongada.<\/p>\n<p><a href=\"http:\/\/www.youtube.com\/watch?v=X_KrexkPbJA\">Peres<\/a><\/p>\n<div class=\"tweetthis\" style=\"text-align:left;\"><p> <a target=\"_blank\" rel=\"nofollow\" class=\"tt\" href=\"http:\/\/twitter.com\/home\/?status=Peres+%E2%80%93+M%C3%A9dio+ofensivo+com+futebol+%E2%80%9Cperfumado%E2%80%9D+https%3A%2F%2Fis.gd%2FC4wz4I\" title=\"Post to Twitter\"><img decoding=\"async\" class=\"nothumb\" src=\"http:\/\/www.sportingcanal.com\/wp-content\/plugins\/tweet-this\/icons\/en\/twitter\/tt-twitter6.png\" alt=\"Post to Twitter\" \/><\/a><\/p><\/div>","protected":false},"excerpt":{"rendered":"<p>Fernando Peres da Silva nasceu a 8 de Janeiro de 1942 em Alg\u00e9s.\u00a0Formado no Belenenses cedo deu nas vistas com internacionaliza\u00e7\u00f5es nas camadas jovens. Mais tarde foi internacional militar e ainda militando no clube do Restelo foi integrado na sele\u00e7\u00e3o principal portuguesa. Chegou ao Sporting no Ver\u00e3o de 1965 como principal aposta para reverter a [&hellip;]<\/p>\n","protected":false},"author":1,"featured_media":988,"comment_status":"open","ping_status":"open","sticky":false,"template":"","format":"standard","meta":{"_et_pb_use_builder":"","_et_pb_old_content":"","_et_gb_content_width":"","footnotes":""},"categories":[63],"tags":[8,64],"_links":{"self":[{"href":"https:\/\/www.sportingcanal.com\/index.php?rest_route=\/wp\/v2\/posts\/987"}],"collection":[{"href":"https:\/\/www.sportingcanal.com\/index.php?rest_route=\/wp\/v2\/posts"}],"about":[{"href":"https:\/\/www.sportingcanal.com\/index.php?rest_route=\/wp\/v2\/types\/post"}],"author":[{"embeddable":true,"href":"https:\/\/www.sportingcanal.com\/index.php?rest_route=\/wp\/v2\/users\/1"}],"replies":[{"embeddable":true,"href":"https:\/\/www.sportingcanal.com\/index.php?rest_route=%2Fwp%2Fv2%2Fcomments&post=987"}],"version-history":[{"count":28,"href":"https:\/\/www.sportingcanal.com\/index.php?rest_route=\/wp\/v2\/posts\/987\/revisions"}],"predecessor-version":[{"id":39465,"href":"https:\/\/www.sportingcanal.com\/index.php?rest_route=\/wp\/v2\/posts\/987\/revisions\/39465"}],"wp:featuredmedia":[{"embeddable":true,"href":"https:\/\/www.sportingcanal.com\/index.php?rest_route=\/wp\/v2\/media\/988"}],"wp:attachment":[{"href":"https:\/\/www.sportingcanal.com\/index.php?rest_route=%2Fwp%2Fv2%2Fmedia&parent=987"}],"wp:term":[{"taxonomy":"category","embeddable":true,"href":"https:\/\/www.sportingcanal.com\/index.php?rest_route=%2Fwp%2Fv2%2Fcategories&post=987"},{"taxonomy":"post_tag","embeddable":true,"href":"https:\/\/www.sportingcanal.com\/index.php?rest_route=%2Fwp%2Fv2%2Ftags&post=987"}],"curies":[{"name":"wp","href":"https:\/\/api.w.org\/{rel}","templated":true}]}}