{"id":995,"date":"2026-01-08T09:00:24","date_gmt":"2026-01-08T08:00:24","guid":{"rendered":"http:\/\/www.sportingcanal.com\/?p=995"},"modified":"2026-01-09T16:49:57","modified_gmt":"2026-01-09T15:49:57","slug":"pedro-kol-super-fighter-kol-machine","status":"publish","type":"post","link":"https:\/\/www.sportingcanal.com\/?p=995","title":{"rendered":"Pedro Kol \u2013 A \u201cSuper Fighter Kol Machine\u201d"},"content":{"rendered":"<p>Pedro Kol Carvalho de Netto de Almeida nasceu a 8 de Janeiro de 1983 em Lisboa. Sempre apreciou Artes Marciais e logo aos 8 anos come\u00e7ou por praticar Taekwon-do. Aos 16 (1999) entrou para o Kick Boxing do Sporting. Mais tarde conciliou a atividade em Alvalade com o curso de Ci\u00eancias do Mar na Universiade Lus\u00f3fona e o ensino de Artes Marciais em Torres Vedras.<\/p>\n<p>Define-se como uma pessoa pac\u00edfica fora dos rinques, mas entre os amigos \u00e9 conhecido em tom de brincadeira pelo \u201cSuper Fighter Kol Machine\u201d ou \u201cEsparguete Assassino\u201d!<\/p>\n<p>Come\u00e7ou a encarar o Kick Boxing com mais ambi\u00e7\u00e3o a partir de 2004, e \u00a0ap\u00f3s ter sido v\u00e1rias vezes vice-campe\u00e3o nacional teve em 2007 a sua 1\u00aa \u00e9poca de verdadeira gl\u00f3ria (treinado pelo hist\u00f3rico Fernando Fernandes) ao sagrar-se, em Abril, campe\u00e3o nacional de K1 na categoria -60kg em Vilamoura. Meses mais tarde, em Dezembro, conquistou o t\u00edtulo europeu da mesma especialidade num combate realizado no Casino de Portim\u00e3o.<\/p>\n<p>Em 2009 voltou a conquistar o t\u00edtulo nacional de K1 (-60kg), alcan\u00e7ando depois o 3\u00ba lugar no Europeu. Da\u00ed para c\u00e1 tem conquistado mais t\u00edtulos nacionais, assumindo-se como uma das grandes figuras portuguesas na sua modalidade.<\/p>\n<p>Obrigado a fazer uma alimenta\u00e7\u00e3o extremamente cuidada, baseada em hidratos de carbono e fruta, agradece aos pais tudo o que tem conseguido no desporto.\u00a0Afirma que, durante a sua vida, gostaria de continuar ligado ao Kick Boxing &#8211; como empres\u00e1rio ou promotor de eventos.<\/p>\n<p>Em 2008 e 2009 recebeu o Pr\u00e9mio Stromp na categoria &#8220;Especial Europeu&#8221;<\/p>\n<div class=\"tweetthis\" style=\"text-align:left;\"><p> <a target=\"_blank\" rel=\"nofollow\" class=\"tt\" href=\"http:\/\/twitter.com\/home\/?status=Pedro+Kol+%E2%80%93+A+%E2%80%9CSuper+Fighter+Kol+Machine%E2%80%9D+https%3A%2F%2Fis.gd%2FdNEhy4\" title=\"Post to Twitter\"><img decoding=\"async\" class=\"nothumb\" src=\"http:\/\/www.sportingcanal.com\/wp-content\/plugins\/tweet-this\/icons\/en\/twitter\/tt-twitter6.png\" alt=\"Post to Twitter\" \/><\/a><\/p><\/div>","protected":false},"excerpt":{"rendered":"<p>Pedro Kol Carvalho de Netto de Almeida nasceu a 8 de Janeiro de 1983 em Lisboa. Sempre apreciou Artes Marciais e logo aos 8 anos come\u00e7ou por praticar Taekwon-do. Aos 16 (1999) entrou para o Kick Boxing do Sporting. Mais tarde conciliou a atividade em Alvalade com o curso de Ci\u00eancias do Mar na Universiade [&hellip;]<\/p>\n","protected":false},"author":1,"featured_media":996,"comment_status":"open","ping_status":"open","sticky":false,"template":"","format":"standard","meta":{"_et_pb_use_builder":"","_et_pb_old_content":"","_et_gb_content_width":"","footnotes":""},"categories":[63],"tags":[31],"_links":{"self":[{"href":"https:\/\/www.sportingcanal.com\/index.php?rest_route=\/wp\/v2\/posts\/995"}],"collection":[{"href":"https:\/\/www.sportingcanal.com\/index.php?rest_route=\/wp\/v2\/posts"}],"about":[{"href":"https:\/\/www.sportingcanal.com\/index.php?rest_route=\/wp\/v2\/types\/post"}],"author":[{"embeddable":true,"href":"https:\/\/www.sportingcanal.com\/index.php?rest_route=\/wp\/v2\/users\/1"}],"replies":[{"embeddable":true,"href":"https:\/\/www.sportingcanal.com\/index.php?rest_route=%2Fwp%2Fv2%2Fcomments&post=995"}],"version-history":[{"count":26,"href":"https:\/\/www.sportingcanal.com\/index.php?rest_route=\/wp\/v2\/posts\/995\/revisions"}],"predecessor-version":[{"id":39466,"href":"https:\/\/www.sportingcanal.com\/index.php?rest_route=\/wp\/v2\/posts\/995\/revisions\/39466"}],"wp:featuredmedia":[{"embeddable":true,"href":"https:\/\/www.sportingcanal.com\/index.php?rest_route=\/wp\/v2\/media\/996"}],"wp:attachment":[{"href":"https:\/\/www.sportingcanal.com\/index.php?rest_route=%2Fwp%2Fv2%2Fmedia&parent=995"}],"wp:term":[{"taxonomy":"category","embeddable":true,"href":"https:\/\/www.sportingcanal.com\/index.php?rest_route=%2Fwp%2Fv2%2Fcategories&post=995"},{"taxonomy":"post_tag","embeddable":true,"href":"https:\/\/www.sportingcanal.com\/index.php?rest_route=%2Fwp%2Fv2%2Ftags&post=995"}],"curies":[{"name":"wp","href":"https:\/\/api.w.org\/{rel}","templated":true}]}}